{"id":1371,"date":"2022-04-25T07:22:23","date_gmt":"2022-04-25T12:22:23","guid":{"rendered":"https:\/\/aliamaya.com\/?p=1371"},"modified":"2022-04-25T22:13:48","modified_gmt":"2022-04-26T03:13:48","slug":"el-oro-celebro-138-anos-de-provincializacion","status":"publish","type":"post","link":"https:\/\/aliamaya.com\/playerhd.eu\/radio\/aliradio\/2022\/04\/25\/el-oro-celebro-138-anos-de-provincializacion\/","title":{"rendered":"El Oro celebr\u00f3 138 a\u00f1os de provincializaci\u00f3n"},"content":{"rendered":"\n<p><\/p>\n\n\n\n<p>Con un desfile c\u00edvico-militar y una sesi\u00f3n solemne, la Prefectura conmemor\u00f3 este 23 de abril los 138 a\u00f1os de provincializaci\u00f3n de El Oro.<\/p>\n\n\n\n<p>Delegaciones de municipios, juntas parroquiales, asociaciones, colegios de profesionales, c\u00e1maras productivas y de la fuerza p\u00fablica, recorrieron las principales calles de la ciudad Machala rindiendo homenaje a la provincia en su nuevo aniversario de fundaci\u00f3n.<\/p>\n\n\n\n<figure class=\"wp-block-image size-large\"><img loading=\"lazy\" decoding=\"async\" width=\"1024\" height=\"682\" src=\"https:\/\/aliamaya.com\/wp-content\/uploads\/2022\/04\/SESION-VITO-1024x682.jpg\" alt=\"La sesi\u00f3n solemne por los 138 a\u00f1os de provincializaci\u00f3n de El Oro se desarroll\u00f3 en el sal\u00f3n Machala del Hotel Oro Verde. Al lugar asistieron altos funcionarios del estado ecuatoriano, como el ministro de Gobierno, Francisco Jim\u00e9nez y el viceministro de Transporte y Obras P\u00fablica, F\u00e9lix Pilco, as\u00ed como dem\u00e1s invitados especiales.\" class=\"wp-image-1372\" srcset=\"https:\/\/aliamaya.com\/wp-content\/uploads\/2022\/04\/SESION-VITO-1024x682.jpg 1024w, https:\/\/aliamaya.com\/wp-content\/uploads\/2022\/04\/SESION-VITO-300x200.jpg 300w, https:\/\/aliamaya.com\/wp-content\/uploads\/2022\/04\/SESION-VITO-768x512.jpg 768w, https:\/\/aliamaya.com\/wp-content\/uploads\/2022\/04\/SESION-VITO.jpg 1280w\" sizes=\"auto, (max-width: 1024px) 100vw, 1024px\" \/><figcaption>El Ing. Clemente Bravo Riofr\u00edo, Prefecto de El Oro, tambi\u00e9n entreg\u00f3 un un acuerdo al empresario pasaje\u00f1o <strong>Vito Mu\u00f1oz Ugarte<\/strong>, a quien lo reconoce como Hijo Ilustre y Ciudadano Destacado de la provincia de El Oro.<\/figcaption><\/figure>\n\n\n\n<p>La sesi\u00f3n solemne se desarroll\u00f3 en el sal\u00f3n Machala del hotel Oro Verde. Al lugar asistieron altos funcionarios del estado ecuatoriano, como el ministro de Gobierno, Francisco Jim\u00e9nez y el viceministro de Transporte y Obras P\u00fablica, F\u00e9lix Pilco.<\/p>\n\n\n\n<p>En su alocuci\u00f3n, el prefecto Clemente Bravo destac\u00f3 el aporte hist\u00f3rico de la provincia en el progreso econ\u00f3mico del pa\u00eds, constituy\u00e9ndose el territorio orense en el principal polo de desarrollo del sur del Ecuador.<\/p>\n\n\n\n<p>La m\u00e1xima autoridad de la provincia hizo un balance de su gesti\u00f3n en estos \u00faltimos tres a\u00f1os en materia de conectividad vial, apoyo a sectores productivos, riego y drenaje, planificaci\u00f3n, gesti\u00f3n ambiental y desarrollo social.<\/p>\n\n\n\n<p>\u201cCuando asum\u00ed la administraci\u00f3n, lo hice convencido de que esta provincia requer\u00eda un cambio que permitiera sentar las verdaderas bases del desarrollo y lo hice en medio de grandes adversidades como la pandemia y los recursos presupuestarios\u201d, indic\u00f3 Bravo.<\/p>\n\n\n\n<p>Agreg\u00f3 que su gesti\u00f3n pudo sobreponerse a estos problemas \u201csin llorar sobre la leche derramada y sin echarle la culpa a la anterior administraci\u00f3n\u201d, sino buscando alianzas estrat\u00e9gicas con las distintas instancias de gobierno, para aunar esfuerzos y recursos a favor de objetivos comunes.<\/p>\n\n\n\n<figure class=\"wp-block-image size-large is-resized\"><img loading=\"lazy\" decoding=\"async\" src=\"https:\/\/aliamaya.com\/wp-content\/uploads\/2022\/04\/SESION-SOL-1024x682.jpg\" alt=\"La sesi\u00f3n solemne por los 138 a\u00f1os de provincializaci\u00f3n de El Oro se desarroll\u00f3 en el sal\u00f3n Machala del Hotel Oro Verde. Al lugar asistieron altos funcionarios del estado ecuatoriano, como el ministro de Gobierno, Francisco Jim\u00e9nez y el viceministro de Transporte y Obras P\u00fablica, F\u00e9lix Pilco, as\u00ed como dem\u00e1s invitados especiales\" class=\"wp-image-1373\" width=\"679\" height=\"452\" srcset=\"https:\/\/aliamaya.com\/wp-content\/uploads\/2022\/04\/SESION-SOL-1024x682.jpg 1024w, https:\/\/aliamaya.com\/wp-content\/uploads\/2022\/04\/SESION-SOL-300x200.jpg 300w, https:\/\/aliamaya.com\/wp-content\/uploads\/2022\/04\/SESION-SOL-768x512.jpg 768w, https:\/\/aliamaya.com\/wp-content\/uploads\/2022\/04\/SESION-SOL.jpg 1280w\" sizes=\"auto, (max-width: 679px) 100vw, 679px\" \/><figcaption>&nbsp;Clemente Bravo y en su alocuci\u00f3n destac\u00f3 el aporte hist\u00f3rico de la provincia en el progreso econ\u00f3mico del pa\u00eds, constituy\u00e9ndose el territorio orense en el principal polo de desarrollo del sur del Ecuador.<\/figcaption><\/figure>\n\n\n\n<p>\u201cSi las autoridades est\u00e1n unidas, el \u00fanico que gana es el pueblo. Si el pueblo est\u00e1 dividido, el \u00fanico que pierde es el pueblo. Por eso estamos trabajando de la mano, sin mirar camisetas pol\u00edticas\u201d, a\u00f1adi\u00f3.<\/p>\n\n\n\n<p>El prefecto puso de relieve adem\u00e1s la eficiencia del Gobierno Provincial, que ha trabajado la mayor parte de su presupuesto a trav\u00e9s de administraci\u00f3n directa, generando un ahorro significativo, que hoy se traduce en m\u00e1s obras, ratificando que esta administraci\u00f3n, \u201ccon menos est\u00e1 haciendo m\u00e1s\u201d.<\/p>\n\n\n\n<p>Durante la sesi\u00f3n solemne se entregaron reconocimientos al Mejor Obrero y Mejor Empleado de la instituci\u00f3n, dignidades que este a\u00f1o recayeron sobre Manuel de Jes\u00fas Estacio Angulo y Marcos Hugo Monge Contreras, este \u00faltimo fue un acuerdo post mortem.<\/p>\n\n\n\n<p>La Prefectura tambi\u00e9n galardon\u00f3 a personalidades en los \u00e1mbitos Tur\u00edstico, Deportivo, Cient\u00edfico, Period\u00edstico, Educativo, Artesanal, Solidario y Art\u00edstico.<\/p>\n\n\n\n<p>Las mayores condecoraciones fueron la presea fundaci\u00f3n provincia de El Oro, para el empresario bananero Boanerges Pereira, por su aporte al desarrollo econ\u00f3mico de la provincia y la presea Rosa Vivar, para Yorvi Moreno, por su trayectoria de trabajo y ayuda social a favor de grupos vulnerables<\/p>\n","protected":false},"excerpt":{"rendered":"<p>La sesi\u00f3n solemne por los 138 a\u00f1os de provincializaci\u00f3n de El Oro se desarroll\u00f3 en el sal\u00f3n Machala del Hotel Oro Verde. Al lugar asistieron altos funcionarios del estado ecuatoriano, como el ministro de Gobierno, Francisco Jim\u00e9nez y el viceministro de Transporte y Obras P\u00fablica, F\u00e9lix Pilco, as\u00ed como dem\u00e1s invitados especiales<\/p>\n","protected":false},"author":1,"featured_media":1374,"comment_status":"open","ping_status":"open","sticky":false,"template":"","format":"standard","meta":{"footnotes":""},"categories":[10,53,4,1,7,8],"tags":[],"class_list":["post-1371","post","type-post","status-publish","format-standard","has-post-thumbnail","hentry","category-ecuador","category-feriados","category-loultimo","category-locales","category-noticias","category-politica"],"_links":{"self":[{"href":"https:\/\/aliamaya.com\/playerhd.eu\/radio\/aliradio\/wp-json\/wp\/v2\/posts\/1371","targetHints":{"allow":["GET"]}}],"collection":[{"href":"https:\/\/aliamaya.com\/playerhd.eu\/radio\/aliradio\/wp-json\/wp\/v2\/posts"}],"about":[{"href":"https:\/\/aliamaya.com\/playerhd.eu\/radio\/aliradio\/wp-json\/wp\/v2\/types\/post"}],"author":[{"embeddable":true,"href":"https:\/\/aliamaya.com\/playerhd.eu\/radio\/aliradio\/wp-json\/wp\/v2\/users\/1"}],"replies":[{"embeddable":true,"href":"https:\/\/aliamaya.com\/playerhd.eu\/radio\/aliradio\/wp-json\/wp\/v2\/comments?post=1371"}],"version-history":[{"count":4,"href":"https:\/\/aliamaya.com\/playerhd.eu\/radio\/aliradio\/wp-json\/wp\/v2\/posts\/1371\/revisions"}],"predecessor-version":[{"id":1437,"href":"https:\/\/aliamaya.com\/playerhd.eu\/radio\/aliradio\/wp-json\/wp\/v2\/posts\/1371\/revisions\/1437"}],"wp:featuredmedia":[{"embeddable":true,"href":"https:\/\/aliamaya.com\/playerhd.eu\/radio\/aliradio\/wp-json\/wp\/v2\/media\/1374"}],"wp:attachment":[{"href":"https:\/\/aliamaya.com\/playerhd.eu\/radio\/aliradio\/wp-json\/wp\/v2\/media?parent=1371"}],"wp:term":[{"taxonomy":"category","embeddable":true,"href":"https:\/\/aliamaya.com\/playerhd.eu\/radio\/aliradio\/wp-json\/wp\/v2\/categories?post=1371"},{"taxonomy":"post_tag","embeddable":true,"href":"https:\/\/aliamaya.com\/playerhd.eu\/radio\/aliradio\/wp-json\/wp\/v2\/tags?post=1371"}],"curies":[{"name":"wp","href":"https:\/\/api.w.org\/{rel}","templated":true}]}}