{"id":1805,"date":"2022-07-11T18:02:50","date_gmt":"2022-07-11T23:02:50","guid":{"rendered":"https:\/\/aliamaya.com\/?p=1805"},"modified":"2022-08-03T14:12:30","modified_gmt":"2022-08-03T19:12:30","slug":"delegacion-electoral-capacito-a-mas-de-200-representantes-de-organizaciones-politicas","status":"publish","type":"post","link":"https:\/\/aliamaya.com\/playerhd.eu\/radio\/aliradio\/2022\/07\/11\/delegacion-electoral-capacito-a-mas-de-200-representantes-de-organizaciones-politicas\/","title":{"rendered":"Delegaci\u00f3n electoral capacit\u00f3 a m\u00e1s de 200 representantes de organizaciones pol\u00edticas"},"content":{"rendered":"\n<p><strong>Machala &#8211; El Oro.-<\/strong> M\u00e1s de 200 representantes de 21 organizaciones pol\u00edticas fueron capacitados sobre las reformas al C\u00f3digo de la Democracia, por parte de t\u00e9cnicos de la delegaci\u00f3n electoral de El Oro, lo que permiti\u00f3 despejar dudas e implementar conocimientos en los procesos de Democracia Interna, para la selecci\u00f3n de candidaturas y conformaci\u00f3n de listas.<\/p>\n\n\n\n<p><br>La capacitaci\u00f3n se realiz\u00f3, el pasado 9 de julio, en el sal\u00f3n auditorio de la delegaci\u00f3n electoral, de 10h00 a 13h00, siendo este un espacio de preguntas y respuestas entre asistentes y capacitadores.<br><\/p>\n\n\n\n<figure class=\"wp-block-image size-large is-style-default\"><img loading=\"lazy\" decoding=\"async\" width=\"1024\" height=\"682\" src=\"https:\/\/aliamaya.com\/wp-content\/uploads\/2022\/07\/WhatsApp-Image-2022-07-11-at-4.26.56-PM-1-1024x682.jpeg\" alt=\"A partir del viernes 8 de julio y hasta el domingo 7 de agosto de 2022, las organizaciones pol\u00edticas podr\u00e1n registrar alianzas electorales para participar en las Elecciones Seccionales 2023.\" class=\"wp-image-1808\" srcset=\"https:\/\/aliamaya.com\/wp-content\/uploads\/2022\/07\/WhatsApp-Image-2022-07-11-at-4.26.56-PM-1-1024x682.jpeg 1024w, https:\/\/aliamaya.com\/wp-content\/uploads\/2022\/07\/WhatsApp-Image-2022-07-11-at-4.26.56-PM-1-300x200.jpeg 300w, https:\/\/aliamaya.com\/wp-content\/uploads\/2022\/07\/WhatsApp-Image-2022-07-11-at-4.26.56-PM-1-768x512.jpeg 768w, https:\/\/aliamaya.com\/wp-content\/uploads\/2022\/07\/WhatsApp-Image-2022-07-11-at-4.26.56-PM-1.jpeg 1280w\" sizes=\"auto, (max-width: 1024px) 100vw, 1024px\" \/><figcaption>capacitaci\u00f3n de los representantes de organizaciones pol\u00edticas, que fue el fin de semana<\/figcaption><\/figure>\n\n\n\n<p>Los temas abordados fueron sobre: Democracia Interna, Conformaci\u00f3n de Alianzas Electorales, Inscripci\u00f3n de Candidaturas, Elecciones Primarias, M\u00e9todo para la Adjudicaci\u00f3n de Esca\u00f1os y Fiscalizaci\u00f3n.<br><\/p>\n\n\n\n<p>En este espacio tambi\u00e9n se record\u00f3 a las organizaciones pol\u00edticas sobre las fechas del Calendario Electoral que est\u00e1n en desarrollo, tales como: cierre del Registro Electoral del 14 al 21 de julio, Aprobaci\u00f3n y Publicaci\u00f3n del Registro Electoral depurado y actualizado, 22 de julio; Alianzas Electorales del 8 de julio al 7 de agosto y los procesos de Democracia Interna del 22 de julio al 5 de agosto.<\/p>\n\n\n\n<p><\/p>\n","protected":false},"excerpt":{"rendered":"<p>A partir del viernes 8 de julio y hasta el domingo 7 de agosto de 2022, las organizaciones pol\u00edticas podr\u00e1n registrar alianzas electorales para participar en las Elecciones Seccionales 2023.<\/p>\n","protected":false},"author":3,"featured_media":1807,"comment_status":"open","ping_status":"open","sticky":false,"template":"","format":"standard","meta":{"footnotes":""},"categories":[10,4,1,7,8],"tags":[],"class_list":["post-1805","post","type-post","status-publish","format-standard","has-post-thumbnail","hentry","category-ecuador","category-loultimo","category-locales","category-noticias","category-politica"],"_links":{"self":[{"href":"https:\/\/aliamaya.com\/playerhd.eu\/radio\/aliradio\/wp-json\/wp\/v2\/posts\/1805","targetHints":{"allow":["GET"]}}],"collection":[{"href":"https:\/\/aliamaya.com\/playerhd.eu\/radio\/aliradio\/wp-json\/wp\/v2\/posts"}],"about":[{"href":"https:\/\/aliamaya.com\/playerhd.eu\/radio\/aliradio\/wp-json\/wp\/v2\/types\/post"}],"author":[{"embeddable":true,"href":"https:\/\/aliamaya.com\/playerhd.eu\/radio\/aliradio\/wp-json\/wp\/v2\/users\/3"}],"replies":[{"embeddable":true,"href":"https:\/\/aliamaya.com\/playerhd.eu\/radio\/aliradio\/wp-json\/wp\/v2\/comments?post=1805"}],"version-history":[{"count":1,"href":"https:\/\/aliamaya.com\/playerhd.eu\/radio\/aliradio\/wp-json\/wp\/v2\/posts\/1805\/revisions"}],"predecessor-version":[{"id":1809,"href":"https:\/\/aliamaya.com\/playerhd.eu\/radio\/aliradio\/wp-json\/wp\/v2\/posts\/1805\/revisions\/1809"}],"wp:featuredmedia":[{"embeddable":true,"href":"https:\/\/aliamaya.com\/playerhd.eu\/radio\/aliradio\/wp-json\/wp\/v2\/media\/1807"}],"wp:attachment":[{"href":"https:\/\/aliamaya.com\/playerhd.eu\/radio\/aliradio\/wp-json\/wp\/v2\/media?parent=1805"}],"wp:term":[{"taxonomy":"category","embeddable":true,"href":"https:\/\/aliamaya.com\/playerhd.eu\/radio\/aliradio\/wp-json\/wp\/v2\/categories?post=1805"},{"taxonomy":"post_tag","embeddable":true,"href":"https:\/\/aliamaya.com\/playerhd.eu\/radio\/aliradio\/wp-json\/wp\/v2\/tags?post=1805"}],"curies":[{"name":"wp","href":"https:\/\/api.w.org\/{rel}","templated":true}]}}