{"id":2001,"date":"2022-09-19T22:07:50","date_gmt":"2022-09-20T03:07:50","guid":{"rendered":"https:\/\/aliamaya.com\/?p=2001"},"modified":"2022-09-19T22:14:09","modified_gmt":"2022-09-20T03:14:09","slug":"por-primera-vez-productores-y-exportadores-acuerdan-precio-de-la-caja-debanano","status":"publish","type":"post","link":"https:\/\/aliamaya.com\/playerhd.eu\/radio\/aliradio\/2022\/09\/19\/por-primera-vez-productores-y-exportadores-acuerdan-precio-de-la-caja-debanano\/","title":{"rendered":"Por primera vez productores y exportadores acuerdan precio de la caja de banano"},"content":{"rendered":"\n<p><strong>Guayaquil, 20 de septiembre de 2022.-<\/strong> En USD 6,50 se fij\u00f3 el precio m\u00ednimo de sustentaci\u00f3n para la caja de banano, durante el tercer Consejo Consultivo efectuado este lunes, en Guayaquil. El precio estar\u00e1 vigente entre el 1 de enero y el 31 diciembre de 2023. <\/p>\n\n\n\n<p>Ayudar\u00e1 a que, sobre todo, los peque\u00f1os productores reciban un precio justo y la actividad sea rentable.<\/p>\n\n\n\n<p>El precio se defini\u00f3 luego de que representantes de los productores de banano y de los exportadores llegaran a un acuerdo. Los actores necesitaron de tres reuniones para lograr un hist\u00f3rico consenso respecto al precio m\u00ednimo de sustentaci\u00f3n de la caja y el precio referencial FOB que regir\u00e1 el pr\u00f3ximo a\u00f1o.<\/p>\n\n\n\n<p>En representaci\u00f3n de los productores participaron Franklin Torres, Xavier Sanmart\u00edn, Lourdes Cede\u00f1o, Elena Aguirre y Henry Anchundia. Por el lado de los exportadores de la fruta asistieron Leonardo Viteri, Iv\u00e1n Wong, Ricardo Umpierrez, Francisco Vel\u00e1squez y \u00c1ngel Pun\u00edn.<\/p>\n\n\n\n<figure class=\"wp-block-image size-large\"><img loading=\"lazy\" decoding=\"async\" width=\"1024\" height=\"576\" src=\"https:\/\/aliamaya.com\/wp-content\/uploads\/2022\/09\/image00009-1-1024x576.jpeg\" alt=\"\" class=\"wp-image-2008\" srcset=\"https:\/\/aliamaya.com\/wp-content\/uploads\/2022\/09\/image00009-1-1024x576.jpeg 1024w, https:\/\/aliamaya.com\/wp-content\/uploads\/2022\/09\/image00009-1-300x169.jpeg 300w, https:\/\/aliamaya.com\/wp-content\/uploads\/2022\/09\/image00009-1-768x432.jpeg 768w, https:\/\/aliamaya.com\/wp-content\/uploads\/2022\/09\/image00009-1.jpeg 1280w\" sizes=\"auto, (max-width: 1024px) 100vw, 1024px\" \/><figcaption>Los actores tambi\u00e9n acordaron fijar en USD 8.60 el precio m\u00ednimo referencial FOB de una caja 22XU de 43 libras.<\/figcaption><\/figure>\n\n\n\n<p>En la mesa de negociaci\u00f3n intervino el subsecretario de Fortalecimiento de Mus\u00e1ceas, Pa\u00fal N\u00fa\u00f1ez.<\/p>\n\n\n\n<p>Conforme al art\u00edculo 1 de la Ley para Estimular y Controlar la Producci\u00f3n y Comercializaci\u00f3n de banano, pl\u00e1tano (barraganete) y otras mus\u00e1ceas afines destinadas a la exportaci\u00f3n y su reglamento, el Ministerio de Agricultura y Ganader\u00eda convoc\u00f3 a la Mesa de Negociaci\u00f3n para fijar el precio m\u00ednimo de sustentaci\u00f3n de banano.<\/p>\n\n\n\n<p>En esta mesa de negociaci\u00f3n, tanto productores como exportadores ratificaron la necesidad de registrar los contratos; que el MAG mantenga las auditor\u00edas a las exportadores<\/p>\n\n\n\n<p><br><\/p>\n\n\n\n<p><\/p>\n","protected":false},"excerpt":{"rendered":"<p>Acuerdo sobre precio m\u00ednimo de sustentaci\u00f3n  de la caja de banano, exportadores y productores. En la mesa de negociaci\u00f3n intervino el subsecretario de Fortalecimiento de Mus\u00e1ceas, Pa\u00fal N\u00fa\u00f1ez. Conforme al art\u00edculo 1 de la Ley para Estimular y Controlar la Producci\u00f3n y Comercializaci\u00f3n de banano, pl\u00e1tano  y otras mus\u00e1ceas, Xavier San Mart\u00edn, en representaci\u00f3n de productores orenses<\/p>\n","protected":false},"author":1,"featured_media":2002,"comment_status":"open","ping_status":"open","sticky":false,"template":"","format":"standard","meta":{"footnotes":""},"categories":[14,10,1,7,8],"tags":[],"class_list":["post-2001","post","type-post","status-publish","format-standard","has-post-thumbnail","hentry","category-economia","category-ecuador","category-locales","category-noticias","category-politica"],"_links":{"self":[{"href":"https:\/\/aliamaya.com\/playerhd.eu\/radio\/aliradio\/wp-json\/wp\/v2\/posts\/2001","targetHints":{"allow":["GET"]}}],"collection":[{"href":"https:\/\/aliamaya.com\/playerhd.eu\/radio\/aliradio\/wp-json\/wp\/v2\/posts"}],"about":[{"href":"https:\/\/aliamaya.com\/playerhd.eu\/radio\/aliradio\/wp-json\/wp\/v2\/types\/post"}],"author":[{"embeddable":true,"href":"https:\/\/aliamaya.com\/playerhd.eu\/radio\/aliradio\/wp-json\/wp\/v2\/users\/1"}],"replies":[{"embeddable":true,"href":"https:\/\/aliamaya.com\/playerhd.eu\/radio\/aliradio\/wp-json\/wp\/v2\/comments?post=2001"}],"version-history":[{"count":3,"href":"https:\/\/aliamaya.com\/playerhd.eu\/radio\/aliradio\/wp-json\/wp\/v2\/posts\/2001\/revisions"}],"predecessor-version":[{"id":2010,"href":"https:\/\/aliamaya.com\/playerhd.eu\/radio\/aliradio\/wp-json\/wp\/v2\/posts\/2001\/revisions\/2010"}],"wp:featuredmedia":[{"embeddable":true,"href":"https:\/\/aliamaya.com\/playerhd.eu\/radio\/aliradio\/wp-json\/wp\/v2\/media\/2002"}],"wp:attachment":[{"href":"https:\/\/aliamaya.com\/playerhd.eu\/radio\/aliradio\/wp-json\/wp\/v2\/media?parent=2001"}],"wp:term":[{"taxonomy":"category","embeddable":true,"href":"https:\/\/aliamaya.com\/playerhd.eu\/radio\/aliradio\/wp-json\/wp\/v2\/categories?post=2001"},{"taxonomy":"post_tag","embeddable":true,"href":"https:\/\/aliamaya.com\/playerhd.eu\/radio\/aliradio\/wp-json\/wp\/v2\/tags?post=2001"}],"curies":[{"name":"wp","href":"https:\/\/api.w.org\/{rel}","templated":true}]}}