{"id":2357,"date":"2023-03-27T22:05:56","date_gmt":"2023-03-28T03:05:56","guid":{"rendered":"https:\/\/aliamaya.com\/?p=2357"},"modified":"2023-03-27T22:05:56","modified_gmt":"2023-03-28T03:05:56","slug":"parroquias-del-canton-portovelo-reciben-obras-de-asfalto","status":"publish","type":"post","link":"https:\/\/aliamaya.com\/playerhd.eu\/radio\/aliradio\/2023\/03\/27\/parroquias-del-canton-portovelo-reciben-obras-de-asfalto\/","title":{"rendered":"Parroquias del cant\u00f3n Portovelo reciben obras de asfalto"},"content":{"rendered":"\n<p>Cerca de 6 km de v\u00edas y calles de la parroquias Morales y Curtincapac, en el cant\u00f3n Portovelo, est\u00e1n siendo asfaltadas tras un convenio tripartito entre la Prefectura de El Oro, los GAD Parroquiales y el Municipio.<\/p>\n\n\n\n<p>La obra registra un avance del 95% y se espera que sea entregada en los pr\u00f3ximos d\u00edas.<\/p>\n\n\n\n<p>Karina Torres, Prefecta (s), indic\u00f3 que el trabajo en conjunto es fundamental para impulsar la productividad y turismo de las parroquias y cantones de la provincia.<\/p>\n\n\n\n<p>\u201cEl polvo y el lodo que diariamente afectaba a los moradores de esta parroquia qued\u00f3 en el pasado, le cambiamos la imagen a este sitio netamente productivo de ca\u00f1a de az\u00facar. En esta nueva administraci\u00f3n continuaremos rehabilitando las v\u00edas de m\u00e1s parroquias que antes no eran tomadas en cuenta\u201d, expres\u00f3 la autoridad.<\/p>\n\n\n\n<p>Jairo Vasquez, director de Obras Publicas de la prefectura explic\u00f3 que se asfaltaron 2 km de la v\u00eda Morales- Curtinc\u00e1pac, 2 km v\u00eda a La Ladera, 1 km v\u00eda a las Huacas, 1 km del centro parroquial de Morales, subcentro de salud y la v\u00eda Morales- Lourdes.<\/p>\n\n\n\n<p>Por su parte, Carmita Espinoza, moradora de la parroquia Morales, dijo sentirse contenta al ver c\u00f3mo ha cambiado la v\u00eda y que su tienda ya no se llena de polvo.<\/p>\n\n\n\n<figure class=\"wp-block-image size-large is-style-default\"><img loading=\"lazy\" decoding=\"async\" width=\"1024\" height=\"682\" src=\"https:\/\/aliamaya.com\/wp-content\/uploads\/2023\/03\/WhatsApp-Image-2023-03-24-at-11.44.01-1024x682.jpeg\" alt=\"\" class=\"wp-image-2359\" srcset=\"https:\/\/aliamaya.com\/wp-content\/uploads\/2023\/03\/WhatsApp-Image-2023-03-24-at-11.44.01-1024x682.jpeg 1024w, https:\/\/aliamaya.com\/wp-content\/uploads\/2023\/03\/WhatsApp-Image-2023-03-24-at-11.44.01-300x200.jpeg 300w, https:\/\/aliamaya.com\/wp-content\/uploads\/2023\/03\/WhatsApp-Image-2023-03-24-at-11.44.01-768x512.jpeg 768w, https:\/\/aliamaya.com\/wp-content\/uploads\/2023\/03\/WhatsApp-Image-2023-03-24-at-11.44.01.jpeg 1280w\" sizes=\"auto, (max-width: 1024px) 100vw, 1024px\" \/><figcaption><strong><em>Recorrido de Obra de Asfaltado en las parroquias Morales y Curtincapac en el cant\u00f3n Portovelo<\/em><\/strong><\/figcaption><\/figure>\n\n\n\n<p>\u201cTodos los d\u00edas ten\u00eda que limpiar el polvo que ven\u00eda de la calle, nunca pens\u00e9 que la carretera la iban a asfaltar pero el prefecto cuando estuvo en campa\u00f1a me prometi\u00f3 eso y ahora veo que si cumpli\u00f3\u201d, se\u00f1al\u00f3.<\/p>\n","protected":false},"excerpt":{"rendered":"<p>Cerca de 6 km de v\u00edas y calles de la parroquias Morales y Curtincapac, en<\/p>\n","protected":false},"author":3,"featured_media":2358,"comment_status":"open","ping_status":"open","sticky":false,"template":"","format":"standard","meta":{"footnotes":""},"categories":[4,1,7],"tags":[],"class_list":["post-2357","post","type-post","status-publish","format-standard","has-post-thumbnail","hentry","category-loultimo","category-locales","category-noticias"],"_links":{"self":[{"href":"https:\/\/aliamaya.com\/playerhd.eu\/radio\/aliradio\/wp-json\/wp\/v2\/posts\/2357","targetHints":{"allow":["GET"]}}],"collection":[{"href":"https:\/\/aliamaya.com\/playerhd.eu\/radio\/aliradio\/wp-json\/wp\/v2\/posts"}],"about":[{"href":"https:\/\/aliamaya.com\/playerhd.eu\/radio\/aliradio\/wp-json\/wp\/v2\/types\/post"}],"author":[{"embeddable":true,"href":"https:\/\/aliamaya.com\/playerhd.eu\/radio\/aliradio\/wp-json\/wp\/v2\/users\/3"}],"replies":[{"embeddable":true,"href":"https:\/\/aliamaya.com\/playerhd.eu\/radio\/aliradio\/wp-json\/wp\/v2\/comments?post=2357"}],"version-history":[{"count":1,"href":"https:\/\/aliamaya.com\/playerhd.eu\/radio\/aliradio\/wp-json\/wp\/v2\/posts\/2357\/revisions"}],"predecessor-version":[{"id":2360,"href":"https:\/\/aliamaya.com\/playerhd.eu\/radio\/aliradio\/wp-json\/wp\/v2\/posts\/2357\/revisions\/2360"}],"wp:featuredmedia":[{"embeddable":true,"href":"https:\/\/aliamaya.com\/playerhd.eu\/radio\/aliradio\/wp-json\/wp\/v2\/media\/2358"}],"wp:attachment":[{"href":"https:\/\/aliamaya.com\/playerhd.eu\/radio\/aliradio\/wp-json\/wp\/v2\/media?parent=2357"}],"wp:term":[{"taxonomy":"category","embeddable":true,"href":"https:\/\/aliamaya.com\/playerhd.eu\/radio\/aliradio\/wp-json\/wp\/v2\/categories?post=2357"},{"taxonomy":"post_tag","embeddable":true,"href":"https:\/\/aliamaya.com\/playerhd.eu\/radio\/aliradio\/wp-json\/wp\/v2\/tags?post=2357"}],"curies":[{"name":"wp","href":"https:\/\/api.w.org\/{rel}","templated":true}]}}