{"id":2755,"date":"2023-10-10T10:15:02","date_gmt":"2023-10-10T15:15:02","guid":{"rendered":"https:\/\/aliamaya.com\/?p=2755"},"modified":"2023-10-10T10:15:44","modified_gmt":"2023-10-10T15:15:44","slug":"frente-al-monumento-de-bolivar-y-san-martin-ubicado-en-el-inicio-de-la-avenida-9-de-octubre-se-coloco-un-centenar-de-sillas-para-los-invitados-al-acto","status":"publish","type":"post","link":"https:\/\/aliamaya.com\/playerhd.eu\/radio\/aliradio\/2023\/10\/10\/frente-al-monumento-de-bolivar-y-san-martin-ubicado-en-el-inicio-de-la-avenida-9-de-octubre-se-coloco-un-centenar-de-sillas-para-los-invitados-al-acto\/","title":{"rendered":"Frente al monumento de Bol\u00edvar y San Mart\u00edn, ubicado en el inicio de la avenida 9 de Octubre, se coloc\u00f3 un centenar de sillas para los invitados al acto"},"content":{"rendered":"\n<p><strong>Guayaquil.-<\/strong> La espera fue de 25 minutos. A las 19:25 se dio por iniciada la sesi\u00f3n solemne por los 203 a\u00f1os de independencia de Guayaquil este lunes, 9 de octubre.<\/p>\n\n\n\n<p>Un fuerte contingente policial y militar se despleg\u00f3 en los exteriores del Malec\u00f3n Sim\u00f3n Bol\u00edvar. Cada uno de los uniformados lleg\u00f3 con armas largas, cascos y m\u00e1scaras desde las 16:00.<\/p>\n\n\n\n<p>Aproximadamente a las 18:30 empezaron a llegar directores municipales, presidentes de gremios, ministros, gobernador del Guayas y autoridades como el alcalde de Dur\u00e1n, Luis Chonillo.<\/p>\n\n\n\n<p>El personero municipal del cant\u00f3n vecino arrib\u00f3 a las 18:40 con un fuerte resguardo militar y usando chaleco antibalas. Chonillo cruz\u00f3 por la alfombra roja que se coloc\u00f3 en el sitio y avanz\u00f3 hacia su puesto, sin detenerse a hablar con los medios.<\/p>\n\n\n\n<p>La presidenta del Consejo Nacional Electoral, Diana Atamaint, lleg\u00f3 a los pocos minutos del arribo de la prefecta del Guayas, Marcela Agui\u00f1aga, y de la candidata presidencial Luisa Gonz\u00e1lez, quien tuvo su puesto en primera fila.<\/p>\n\n\n\n<p>En la previa del acto, entre las 17:00 y 17:30, en los exteriores del Malec\u00f3n Sim\u00f3n Bol\u00edvar, simpatizantes del candidato presidencial Daniel Noboa llegaron con mu\u00f1ecos de cart\u00f3n que ten\u00edan la foto y silueta del presidenciable.<\/p>\n\n\n\n<p>Las figuras las colocaron en diferentes puntos y se mantuvieron en el sitio hasta que personal militar y agentes metropolitanos retiraron al grupo de militantes. Pese a que fueron retiradas de las cercan\u00edas al \u00e1rea del evento, las im\u00e1genes de cart\u00f3n ocuparon otros sitios del centro como la calle Aguirre, tambi\u00e9n varios militantes se mezclaron entre el p\u00fablico.<\/p>\n\n\n\n<p>Algunos simpatizantes elevaron banderas durante el desarrollo de la sesi\u00f3n, sobre todo durante la llegada de la presidenciable Gonz\u00e1lez. Banderas del movimiento Revoluci\u00f3n Ciudadana tambi\u00e9n se levantaron entre la multitud.<\/p>\n\n\n\n<p>En los exteriores del malec\u00f3n se colocaron vallas met\u00e1licas. La calle del mismo nombre se aisl\u00f3 al tr\u00e1nsito vehicular desde la av. Olmedo hasta la calle Jun\u00edn.<\/p>\n\n\n\n<p>Sobre la av. 9 de Octubre, frente al Hemiciclo, una gran pantalla se coloc\u00f3 para que decenas de asistentes puedan observar la sesi\u00f3n, que dur\u00f3 aproximadamente una hora y media.<\/p>\n\n\n\n<p>Al inicio del evento, la mayor\u00eda de sillas fueron ocupadas y los medios de comunicaci\u00f3n se ubicaron en dos tarimas. El himno nacional del Ecuador fue entonado por la Orquesta Filarm\u00f3nica de Guayaquil y con ello se dio inicio al acto conmemorativo.<\/p>\n\n\n\n<p>A punto seguido se anunci\u00f3 la entrega del decreto que oficializa el traspaso de la competencia del parque Samanes del Gobierno nacional al Municipio de la ciudad. El vicepresidente Alfredo Borrero entreg\u00f3 el documento en las manos al alcalde Aquiles Alvarez.<\/p>\n\n\n\n<p>Minutos m\u00e1s tarde se hizo la entrega de la presea Municipalidad de Guayaquil Jaime Nebot Saadi a favor de cinco ciudadanos. Los homenajeados fueron Xavier Simon Isa\u00edas, empresario guayaquile\u00f1o, preside y apoya a la Fundaci\u00f3n Damas del H. Cuerpo Consular; Martha Castillo Valdez, fundadora y propietaria de Joyer\u00eda Marthita.<\/p>\n\n\n\n<p>Adem\u00e1s fueron reconocidas Annie Credidio, religiosa cat\u00f3lica estadounidense, establecida en Guayaquil; padre Marcos Paredes Vallejo, sacerdote perteneciente a la Congregaci\u00f3n Salesiana; y, Luis Mueckay Arcos, actor, core\u00f3grafo, director esc\u00e9nico, humorista y promotor cultural ecuatoriano.<\/p>\n\n\n\n<p>El primer discurso del alcalde Aquiles Alvarez por la conmemoraci\u00f3n del 9 de octubre estuvo marcado por la rendici\u00f3n de cuentas de su administraci\u00f3n y el pedido de parar la polarizaci\u00f3n pol\u00edtica.<\/p>\n\n\n\n<p>\u201cHoy vivimos en un pa\u00eds lleno de odio y polarizaci\u00f3n pol\u00edtica. Cualquiera difama, cualquiera denigra, hay un odio que tiene que parar. Todos, absolutamente todos, tenemos familia\u201d, puntualiz\u00f3.<\/p>\n\n\n\n<p>Alvarez cit\u00f3 como una falta de respeto que, a pocas calles de donde se realizaba la sesi\u00f3n, se realice un evento pol\u00edtico por parte de la coalici\u00f3n que lidera el candidato Daniel Noboa.<\/p>\n\n\n\n<p>\u201dMe parece una falta de respeto que en estos 203 a\u00f1os de independencia cerca de aqu\u00ed se haya hecho un evento con la militancia de ellos, y eso no se puede permitir. Eso es una falta de respeto, Daniel. Yo soy frontal y eso no se hace\u201d, dijo Alvarez, quien recalc\u00f3 la invitaci\u00f3n que se realiz\u00f3 a los dos candidatos a la sesi\u00f3n y que la candidata Luisa Gonz\u00e1lez acept\u00f3.<\/p>\n\n\n\n<p>Sobre la ciudad, la autoridad reiter\u00f3 que se han logrado consensos dentro del cuerpo edilicio a pesar de que concejales sean de diferentes l\u00edneas pol\u00edticas.<\/p>\n\n\n\n<p>Al igual que el discurso del pasado 25 de julio, Alvarez centr\u00f3 su intervenci\u00f3n en los logros de los primeros meses de su administraci\u00f3n.<\/p>\n\n\n\n<p>Cit\u00f3 la intervenci\u00f3n de las v\u00edas en la ciudad, reparaci\u00f3n de luminarias, entrega de t\u00edtulos de propiedad, conformaci\u00f3n de comit\u00e9s comunitarios, entre otras obras. \u201dNo nos interesa que nos digan gracias, nos interesa hacer nuestro trabajo\u201d, sostuvo el alcalde.<\/p>\n\n\n\n<p>Por su parte, el vicepresidente Alfredo Borrero cit\u00f3 que el 23 de mayo pasado se firm\u00f3 el convenio marco de cooperaci\u00f3n a fin de fortalecer el trabajo conjunto en el \u00e1mbito de seguridad ciudadana. Mediante este acuerdo, dijo Borrero, la Polic\u00eda Nacional comprometi\u00f3 la incorporaci\u00f3n de 2.600 uniformados en el Distrito Metropolitano de Guayaquil.<\/p>\n\n\n\n<p>Adem\u00e1s, indic\u00f3 que en terrenos donados por el Municipio se construir\u00e1 el primer cuartel de formaci\u00f3n para polic\u00edas.<\/p>\n\n\n\n<p>\u201dHemos aumentado de 50.000 a 60.000 el n\u00famero de polic\u00edas a lo largo de todo el pa\u00eds, de los cuales m\u00e1s de 1.500 ya est\u00e1n trabajando aqu\u00ed, en Guayaquil, esta ciudad hermosa a la cual tenemos que proteger\u201d, enfatiz\u00f3 el vicepresidente de la Rep\u00fablica.<\/p>\n\n\n\n<p>Poco antes de que culmine el evento conmemorativo, el alcalde de Dur\u00e1n se retir\u00f3 en medio de un fuerte resguardo.<\/p>\n\n\n\n<p>En varios tramos del evento, asimismo, los simpatizantes identificados con los candidatos presidenciales gritaron sus nombres y las c\u00e1maras captaron en varias ocasiones a la candidata de la Revoluci\u00f3n Ciudadana, as\u00ed como a otras autoridades locales y gubernamentales.<\/p>\n\n\n\n<p>La sesi\u00f3n finaliz\u00f3 con la entonaci\u00f3n de Guayaquil y un&nbsp;<em>mix<\/em>&nbsp;de canciones alusivas a la ciudad. Un&nbsp;<em>show<\/em>&nbsp;de juegos pirot\u00e9cnicos, de al menos diez minutos, ilumin\u00f3 el Hemiciclo de la Rotonda para deleite de los asistentes.<\/p>\n\n\n\n<p><\/p>\n","protected":false},"excerpt":{"rendered":"<p>Frente al monumento de Bol\u00edvar y San Mart\u00edn, ubicado en el inicio de la avenida 9 de Octubre, se coloc\u00f3 un centenar de sillas para los invitados al acto, el primero que preside el alcalde Aquiles Alvarez.<\/p>\n","protected":false},"author":3,"featured_media":2756,"comment_status":"open","ping_status":"open","sticky":false,"template":"","format":"standard","meta":{"footnotes":""},"categories":[10,53,4,7],"tags":[],"class_list":["post-2755","post","type-post","status-publish","format-standard","has-post-thumbnail","hentry","category-ecuador","category-feriados","category-loultimo","category-noticias"],"_links":{"self":[{"href":"https:\/\/aliamaya.com\/playerhd.eu\/radio\/aliradio\/wp-json\/wp\/v2\/posts\/2755","targetHints":{"allow":["GET"]}}],"collection":[{"href":"https:\/\/aliamaya.com\/playerhd.eu\/radio\/aliradio\/wp-json\/wp\/v2\/posts"}],"about":[{"href":"https:\/\/aliamaya.com\/playerhd.eu\/radio\/aliradio\/wp-json\/wp\/v2\/types\/post"}],"author":[{"embeddable":true,"href":"https:\/\/aliamaya.com\/playerhd.eu\/radio\/aliradio\/wp-json\/wp\/v2\/users\/3"}],"replies":[{"embeddable":true,"href":"https:\/\/aliamaya.com\/playerhd.eu\/radio\/aliradio\/wp-json\/wp\/v2\/comments?post=2755"}],"version-history":[{"count":2,"href":"https:\/\/aliamaya.com\/playerhd.eu\/radio\/aliradio\/wp-json\/wp\/v2\/posts\/2755\/revisions"}],"predecessor-version":[{"id":2758,"href":"https:\/\/aliamaya.com\/playerhd.eu\/radio\/aliradio\/wp-json\/wp\/v2\/posts\/2755\/revisions\/2758"}],"wp:featuredmedia":[{"embeddable":true,"href":"https:\/\/aliamaya.com\/playerhd.eu\/radio\/aliradio\/wp-json\/wp\/v2\/media\/2756"}],"wp:attachment":[{"href":"https:\/\/aliamaya.com\/playerhd.eu\/radio\/aliradio\/wp-json\/wp\/v2\/media?parent=2755"}],"wp:term":[{"taxonomy":"category","embeddable":true,"href":"https:\/\/aliamaya.com\/playerhd.eu\/radio\/aliradio\/wp-json\/wp\/v2\/categories?post=2755"},{"taxonomy":"post_tag","embeddable":true,"href":"https:\/\/aliamaya.com\/playerhd.eu\/radio\/aliradio\/wp-json\/wp\/v2\/tags?post=2755"}],"curies":[{"name":"wp","href":"https:\/\/api.w.org\/{rel}","templated":true}]}}