{"id":2762,"date":"2023-10-10T10:26:53","date_gmt":"2023-10-10T15:26:53","guid":{"rendered":"https:\/\/aliamaya.com\/?p=2762"},"modified":"2023-10-10T10:26:53","modified_gmt":"2023-10-10T15:26:53","slug":"hoy-se-conmemora-el-dia-del-bombero-ecuatoriano","status":"publish","type":"post","link":"https:\/\/aliamaya.com\/playerhd.eu\/radio\/aliradio\/2023\/10\/10\/hoy-se-conmemora-el-dia-del-bombero-ecuatoriano\/","title":{"rendered":"Hoy se conmemora el D\u00eda del Bombero Ecuatoriano"},"content":{"rendered":"\n<p><strong>Guayaquil.-<\/strong> Las campanadas de llamado de auxilio retumbaban en el centro de Guayaquil. Los ciudadanos sal\u00edan a ver el humo de las viviendas, un incendio amenazaba a familias porte\u00f1as. All\u00ed decenas de bomberos  voluntarios sal\u00edan a empujar una m\u00e1quina de sistema guimbalete de la compa\u00f1\u00eda Salamandra, carrocer\u00eda de tecnolog\u00eda europea adquirida por rifas para controlar los incendios en 1856.<\/p>\n\n\n\n<p>Esta compa\u00f1\u00eda del Cuerpo de Bomberos de Guayaquil se convirti\u00f3 en la m\u00e1s emblem\u00e1tica, no solo por ser de las primeras en ser creada, la primera en tener este tipo de carrocer\u00eda y por destacar en los grandes incendios que amenazaron el Puerto Principal, esta entidad hasta el momento sigue vigente prestando su colaboraci\u00f3n en los llamados de auxilio.<\/p>\n\n\n\n<p>Hoy, martes 10 de octubre, se conmemora el D\u00eda del Bombero Ecuatoriano y Guayaquil fue la primera ciudad en la conformaci\u00f3n de esta instituci\u00f3n debido a la cantidad de eventos que se registraban.<\/p>\n\n\n\n<p>El Cuerpo de Bomberos de Guayaquil fue creado en 1835 por decreto del presidente Vicente Rocafuerte.<\/p>\n\n\n\n<p>As\u00ed lo detall\u00f3 el mayor Alfonso Andrade, historiador del Cuerpo de Bomberos de Guayaquil. Al recorrer el Museo de esta instituci\u00f3n explica c\u00f3mo fueron evolucionando en la historia.<\/p>\n\n\n\n<p>Despu\u00e9s de 1940 se conformaron tres compa\u00f1\u00edas de bomberos Neptuno, la Uni\u00f3n y Salamandra, esta \u00faltima fue la que m\u00e1s se fortaleci\u00f3 con la llegada de los camiones y maquinarias acorde con la \u00e9poca para apagar el fuego en el Puerto Principal.<\/p>\n\n\n\n<p>\u00c9l manifest\u00f3 que estas compa\u00f1\u00edas empezaron con 300 bomberos, eran los \u201capaga fuegos\u201d de la ciudad.<\/p>\n\n\n\n<p>Y que la compa\u00f1\u00eda Salamandra se inici\u00f3 con una construcci\u00f3n de ca\u00f1a en la calle Pedro Carbo entre avenida 9 de Octubre y V\u00e9lez, junto donde ahora se ubica un restaurante de comida r\u00e1pida, frente a la plaza San Francisco.<\/p>\n\n\n\n<p>All\u00ed se mantienen sus oficinas luego de haber pasado por diferentes procesos. De una construcci\u00f3n de ca\u00f1a, a una mixta, luego a un peque\u00f1o edificio de dos pisos y ahora un edificio de seis pisos donde funciona la parte administrativa.<\/p>\n\n\n\n<p>El veh\u00edculo est\u00e1 ubicado en el Museo del Cuerpo de Bomberos, al inicio del cerro Santa Ana.<\/p>\n\n\n\n<p>Andrade explic\u00f3 que en ese entonces la tecnolog\u00eda era la carrocer\u00eda que se conoci\u00f3 como salamandra tambi\u00e9n debido a su compa\u00f1\u00eda de origen. El lema era \u201cpica salamandra\u201d para ir de inmediato a los incendios. All\u00ed ten\u00edan unos capachos (baldes de cuero) con el que llevaban el agua en cadenas humanas para lanzar a las llamas en los incendios.<\/p>\n\n\n\n<p>Luego pas\u00f3 la tecnolog\u00eda de ese entonces a tener una manguera donde sacaban el agua directo de los pozos. Luego en 1890 llegaron las m\u00e1quinas a vapor, que fueron donadas por familias pudientes de la urbe, tra\u00eddas desde Londres.<\/p>\n\n\n\n<p><strong>Guayaquil, la ciudad de incendios<\/strong><\/p>\n\n\n\n<p>Andrade explica que Guayaquil se caracteriz\u00f3 por registrar grandes incendios, incluso antes de la conformaci\u00f3n del Cuerpo de Bomberos. El incendio m\u00e1s grande que registran bajo su historia fue el del 5, 6 y 7 de octubre de 1896, que consumi\u00f3 la mitad del centro de la Perla del Pac\u00edfico.<\/p>\n\n\n\n<p>\u201cLas Pe\u00f1as desapareci\u00f3, toda la calle del Malec\u00f3n Sim\u00f3n Bol\u00edvar, calle Aguirre, Clemente Ball\u00e9n, Boyac\u00e1, dur\u00f3 tres d\u00edas ese incendio, para el tercer d\u00eda ya humeaba la ciudad. Fueron 1.200 casas y edificios los que se quemaron, 25.000 personas sin hogar y hubo una p\u00e9rdida de 40 millones de sucres\u201d, recuerda.<\/p>\n\n\n\n<p><strong>\u00bfPor qu\u00e9 tantos incendios en Guayaquil?<\/strong><\/p>\n\n\n\n<p>El historiador explica que a m\u00e1s de la intensa radiaci\u00f3n solar caracter\u00edsticos de Guayaquil, la brisa del r\u00edo tambi\u00e9n provocaba que las tradicionales cortinas tumben los candelabros o velas que ten\u00edan en los hogares.<\/p>\n\n\n\n<p>Por eso que luego se prohibieron las edificaciones con ventanales y cortinas y se colocaba las chazas para que ingrese la brisa sin problemas, recuerda Andrade, seg\u00fan los libros de esa \u00e9poca.<\/p>\n\n\n\n<p>En la actualidad el Cuerpo de Bomberos de Guayaquil cuenta con 53 estaciones o compa\u00f1\u00edas en todo Guayaquil. All\u00ed son aproximadamente 2.255 voluntarios y 589 rentados que brindan contingente en las emergencias de Guayaquil.<\/p>\n\n\n\n<p> <\/p>\n","protected":false},"excerpt":{"rendered":"<p>Compa\u00f1\u00eda Salamandra, la m\u00e1s antigua del Cuerpo de Bomberos de Guayaquil que mantiene el legado de los \u201capaga fuegos\u201d<\/p>\n","protected":false},"author":3,"featured_media":2763,"comment_status":"open","ping_status":"open","sticky":false,"template":"","format":"standard","meta":{"footnotes":""},"categories":[5,10,11,4],"tags":[],"class_list":["post-2762","post","type-post","status-publish","format-standard","has-post-thumbnail","hentry","category-cultura","category-ecuador","category-internacionales","category-loultimo"],"_links":{"self":[{"href":"https:\/\/aliamaya.com\/playerhd.eu\/radio\/aliradio\/wp-json\/wp\/v2\/posts\/2762","targetHints":{"allow":["GET"]}}],"collection":[{"href":"https:\/\/aliamaya.com\/playerhd.eu\/radio\/aliradio\/wp-json\/wp\/v2\/posts"}],"about":[{"href":"https:\/\/aliamaya.com\/playerhd.eu\/radio\/aliradio\/wp-json\/wp\/v2\/types\/post"}],"author":[{"embeddable":true,"href":"https:\/\/aliamaya.com\/playerhd.eu\/radio\/aliradio\/wp-json\/wp\/v2\/users\/3"}],"replies":[{"embeddable":true,"href":"https:\/\/aliamaya.com\/playerhd.eu\/radio\/aliradio\/wp-json\/wp\/v2\/comments?post=2762"}],"version-history":[{"count":1,"href":"https:\/\/aliamaya.com\/playerhd.eu\/radio\/aliradio\/wp-json\/wp\/v2\/posts\/2762\/revisions"}],"predecessor-version":[{"id":2764,"href":"https:\/\/aliamaya.com\/playerhd.eu\/radio\/aliradio\/wp-json\/wp\/v2\/posts\/2762\/revisions\/2764"}],"wp:featuredmedia":[{"embeddable":true,"href":"https:\/\/aliamaya.com\/playerhd.eu\/radio\/aliradio\/wp-json\/wp\/v2\/media\/2763"}],"wp:attachment":[{"href":"https:\/\/aliamaya.com\/playerhd.eu\/radio\/aliradio\/wp-json\/wp\/v2\/media?parent=2762"}],"wp:term":[{"taxonomy":"category","embeddable":true,"href":"https:\/\/aliamaya.com\/playerhd.eu\/radio\/aliradio\/wp-json\/wp\/v2\/categories?post=2762"},{"taxonomy":"post_tag","embeddable":true,"href":"https:\/\/aliamaya.com\/playerhd.eu\/radio\/aliradio\/wp-json\/wp\/v2\/tags?post=2762"}],"curies":[{"name":"wp","href":"https:\/\/api.w.org\/{rel}","templated":true}]}}