{"id":2780,"date":"2023-10-10T11:22:29","date_gmt":"2023-10-10T16:22:29","guid":{"rendered":"https:\/\/aliamaya.com\/?p=2780"},"modified":"2023-10-10T11:22:30","modified_gmt":"2023-10-10T16:22:30","slug":"participacion-de-empresa-publica-aguas-machala-en-1er-encuentro-nacional-de-agua-saneamiento-y-ambiente","status":"publish","type":"post","link":"https:\/\/aliamaya.com\/playerhd.eu\/radio\/aliradio\/2023\/10\/10\/participacion-de-empresa-publica-aguas-machala-en-1er-encuentro-nacional-de-agua-saneamiento-y-ambiente\/","title":{"rendered":"Participaci\u00f3n de empresa p\u00fablica Aguas Machala en 1er. Encuentro Nacional de Agua, Saneamiento y Ambiente."},"content":{"rendered":"\n<p><strong>Machala &#8211; El Oro.- <\/strong>Con el prop\u00f3sito de presentar los mejores proyectos de agua que est\u00e1n vigentes en el pa\u00eds, se desarroll\u00f3 el Primer Encuentro Nacional de Agua, Saneamiento y Ambiente 2023. El evento cont\u00f3 con la participaci\u00f3n de Goretty Gonz\u00e1lez, gerente de Aguas Machala EP, quien dio una conferencia sobre la aplicaci\u00f3n de tecnolog\u00edas en el tratamiento del agua en el cant\u00f3n.<\/p>\n\n\n\n<p>El programa se desarrolla en el Centro de Convenciones de la UEES en Samborond\u00f3n, durante los d\u00edas 26, 27 y 28 de septiembre, con el objetivo de reunir a autoridades locales, internacionales, empresas privadas y p\u00fablicas, para fortalecer e integrar acciones orientadas a la conservaci\u00f3n del entorno ecol\u00f3gico.<\/p>\n\n\n\n<figure class=\"wp-block-image size-large is-style-default\"><img loading=\"lazy\" decoding=\"async\" width=\"1024\" height=\"682\" src=\"https:\/\/aliamaya.com\/wp-content\/uploads\/2023\/10\/WhatsApp-Image-2023-09-27-at-10.58.01-1024x682.jpeg\" alt=\"\" class=\"wp-image-2782\" srcset=\"https:\/\/aliamaya.com\/wp-content\/uploads\/2023\/10\/WhatsApp-Image-2023-09-27-at-10.58.01-1024x682.jpeg 1024w, https:\/\/aliamaya.com\/wp-content\/uploads\/2023\/10\/WhatsApp-Image-2023-09-27-at-10.58.01-300x200.jpeg 300w, https:\/\/aliamaya.com\/wp-content\/uploads\/2023\/10\/WhatsApp-Image-2023-09-27-at-10.58.01-768x512.jpeg 768w, https:\/\/aliamaya.com\/wp-content\/uploads\/2023\/10\/WhatsApp-Image-2023-09-27-at-10.58.01-1536x1023.jpeg 1536w, https:\/\/aliamaya.com\/wp-content\/uploads\/2023\/10\/WhatsApp-Image-2023-09-27-at-10.58.01.jpeg 1600w\" sizes=\"auto, (max-width: 1024px) 100vw, 1024px\" \/><figcaption class=\"wp-element-caption\"><strong><em>MESA T\u00c9CNICA DE TRABAJO DE AGUA: Eficiencia en el manejo del sistema de agua potable, garantizando la conservacion del recurso hidrico<\/em><\/strong><\/figcaption><\/figure>\n\n\n\n<p>La titular de Aguas Machala EP, durante su ponencia se refiri\u00f3 a la planificaci\u00f3n estrat\u00e9gica que se aplica en el cant\u00f3n para el desarrollo sostenible. \u201cDe forma primordial se realiz\u00f3 la detecci\u00f3n de los problemas como la captaci\u00f3n y las fuentes o los sectores faltantes de los servicios b\u00e1sicos, lo que permiti\u00f3 definir la factibilidad de los mismos y los retos de su provisi\u00f3n\u201d, mencion\u00f3.<\/p>\n\n\n\n<p>Indic\u00f3 que gracias a la planificaci\u00f3n e incorporaci\u00f3n de tecnolog\u00edas, implementadas por la administraci\u00f3n del alcalde Dar\u00edo Macas, actualmente en Machala est\u00e1n vigentes varios proyectos que permiten gestionar la cantidad de agua necesaria y de servicios de saneamiento conforme al crecimiento poblacional del cant\u00f3n, lo cual ha permitido mejorar la calidad de vida de los machale\u00f1os. <\/p>\n\n\n\n<p>El encuentro fue desarrollado por la Asociaci\u00f3n Ecuatoriana de Ingenier\u00eda Sanitaria y Ambiental, cap\u00edtulo Ecuador, cuyo eje principal es incorporar a la academia, profesionales y autoridades de cada localidad para recopilar informaci\u00f3n sobre innovaci\u00f3n de proyectos para construir ciudades encaminadas hacia el desarrollo sostenible.<\/p>\n","protected":false},"excerpt":{"rendered":"<p>Goretty Gonz\u00e1lez, gerente de Aguas Machala EP, invitada especial por La Asociaci\u00f3n Ecuatoriana de Ingenier\u00eda Sanitaria y Ambiental AEISA, capitulo Ecuador de AIDIS, en su af\u00e1n de integrar y fortalecer las acciones del sector a nivel nacional y orientada a la conservaci\u00f3n del entorno ecol\u00f3gico, natural en el contexto del desarrollo humano sustentable organiza, el PRIMER ENCUENTRO NACIONAL DE AGUA, SANEAMIENTO Y AMBIENTE \u2013 \u201cCONSTRUYENDO CIUDADES HACIA UN DESARROLLO SOSTENIBLE\u201d<\/p>\n","protected":false},"author":3,"featured_media":2781,"comment_status":"open","ping_status":"open","sticky":false,"template":"","format":"standard","meta":{"footnotes":""},"categories":[14,10,1,7,8],"tags":[],"class_list":["post-2780","post","type-post","status-publish","format-standard","has-post-thumbnail","hentry","category-economia","category-ecuador","category-locales","category-noticias","category-politica"],"_links":{"self":[{"href":"https:\/\/aliamaya.com\/playerhd.eu\/radio\/aliradio\/wp-json\/wp\/v2\/posts\/2780","targetHints":{"allow":["GET"]}}],"collection":[{"href":"https:\/\/aliamaya.com\/playerhd.eu\/radio\/aliradio\/wp-json\/wp\/v2\/posts"}],"about":[{"href":"https:\/\/aliamaya.com\/playerhd.eu\/radio\/aliradio\/wp-json\/wp\/v2\/types\/post"}],"author":[{"embeddable":true,"href":"https:\/\/aliamaya.com\/playerhd.eu\/radio\/aliradio\/wp-json\/wp\/v2\/users\/3"}],"replies":[{"embeddable":true,"href":"https:\/\/aliamaya.com\/playerhd.eu\/radio\/aliradio\/wp-json\/wp\/v2\/comments?post=2780"}],"version-history":[{"count":1,"href":"https:\/\/aliamaya.com\/playerhd.eu\/radio\/aliradio\/wp-json\/wp\/v2\/posts\/2780\/revisions"}],"predecessor-version":[{"id":2783,"href":"https:\/\/aliamaya.com\/playerhd.eu\/radio\/aliradio\/wp-json\/wp\/v2\/posts\/2780\/revisions\/2783"}],"wp:featuredmedia":[{"embeddable":true,"href":"https:\/\/aliamaya.com\/playerhd.eu\/radio\/aliradio\/wp-json\/wp\/v2\/media\/2781"}],"wp:attachment":[{"href":"https:\/\/aliamaya.com\/playerhd.eu\/radio\/aliradio\/wp-json\/wp\/v2\/media?parent=2780"}],"wp:term":[{"taxonomy":"category","embeddable":true,"href":"https:\/\/aliamaya.com\/playerhd.eu\/radio\/aliradio\/wp-json\/wp\/v2\/categories?post=2780"},{"taxonomy":"post_tag","embeddable":true,"href":"https:\/\/aliamaya.com\/playerhd.eu\/radio\/aliradio\/wp-json\/wp\/v2\/tags?post=2780"}],"curies":[{"name":"wp","href":"https:\/\/api.w.org\/{rel}","templated":true}]}}