{"id":3448,"date":"2024-11-22T17:27:01","date_gmt":"2024-11-22T22:27:01","guid":{"rendered":"https:\/\/aliamaya.com\/?p=3448"},"modified":"2024-11-22T17:36:05","modified_gmt":"2024-11-22T22:36:05","slug":"la-objecion-de-conciencia","status":"publish","type":"post","link":"https:\/\/aliamaya.com\/playerhd.eu\/radio\/aliradio\/2024\/11\/22\/la-objecion-de-conciencia\/","title":{"rendered":"LA OBJECI\u00d3N DE CONCIENCIA."},"content":{"rendered":"\n<figure class=\"wp-block-image alignleft size-full is-resized\"><a href=\"https:\/\/www.eluniverso.com\/noticias\/politica\/asamblea-nacional-leyes-codigo-organico-de-la-salud-\"><img loading=\"lazy\" decoding=\"async\" width=\"682\" height=\"718\" src=\"https:\/\/aliamaya.com\/wp-content\/uploads\/2024\/11\/JOFFRE-ROLDAN-IZQ-3.png\" alt=\"\" class=\"wp-image-3450\" style=\"width:288px;height:auto\" srcset=\"https:\/\/aliamaya.com\/wp-content\/uploads\/2024\/11\/JOFFRE-ROLDAN-IZQ-3.png 682w, https:\/\/aliamaya.com\/wp-content\/uploads\/2024\/11\/JOFFRE-ROLDAN-IZQ-3-285x300.png 285w\" sizes=\"auto, (max-width: 682px) 100vw, 682px\" \/><\/a><figcaption class=\"wp-element-caption\">Maestro Educador<br>Sr. Ing. Civ. Joffre Estuardo Rold\u00e1n Izquierdo<br>E-mail: jroldan44@hotmail.com<\/figcaption><\/figure>\n\n\n\n<p><strong>Machala &#8211; El Oro.-<\/strong> La Constituci\u00f3n de la Rep\u00fablica en su Art. 66 numeral 12, dice: \u201cEl derecho a la objeci\u00f3n de conciencia, que no podr\u00e1 menoscabar otros derechos, ni causar da\u00f1o a las personas o a la naturaleza.<\/p>\n\n\n\n<p>Toda persona tiene derecho a negarse a usar la violencia y a participar en el servicio militar\u201d.<\/p>\n\n\n\n<p>No me explico, no me cabe en el cerebro, c\u00f3mo puede hacerse leyes violatorias a los derechos humanos, u otorgando \u201cderechos\u201d a mujeres y ni\u00f1os, como el aborto y cambio de sexo; sin que haya un pronunciamiento de la Corte Constitucional, en contra de esas barbaridades.<\/p>\n\n\n\n<p>Por el derecho Constitucional a la objeci\u00f3n de conciencia, los M\u00e9dicos, con moral y buenas costumbres, se pueden negar a realizar cualquiera de esos dos hechos, por muy legales que sean.<\/p>\n\n\n\n<p>Recientemente diario El Universo de la ciudad de Guayaquil, public\u00f3:<\/p>\n\n\n\n<p>\u201cC\u00f3digo de la Salud que aborda temas como aborto y cambios de sexo; La norma se aprob\u00f3 en el 2020 y, tras su veto total, se retomar\u00e1 su debate a los cuatro a\u00f1os. Tambi\u00e9n se discutir\u00e1 un veto total hecho por Guillermo Lasso.<\/p>\n\n\n\n<p>Sin embargo, el legislador Jorge Pe\u00f1afiel anticip\u00f3 su preocupaci\u00f3n por temas como la objeci\u00f3n de conciencia de los m\u00e9dicos, una disposici\u00f3n sobre el cambio de sexo, entre otros. \u201cNo podemos permitir que la objeci\u00f3n de conciencia sea vilipendiada\u201d, opin\u00f3 el asamble\u00edsta.<\/p>\n\n\n\n<p>Respecto de la objeci\u00f3n de conciencia, est\u00e1 integrada en el art\u00edculo 9, sobre la \u201catenci\u00f3n en situaciones de emergencia m\u00e9dica\u201d, en las que se proh\u00edbe a los establecimientos de salud p\u00fablicos, privados, aut\u00f3nomos y comunitarios \u201cexigir al paciente en situaci\u00f3n de emergencia o a las personas relacionadas con \u00e9l cualquier tipo de requisito de car\u00e1cter administrativo, econ\u00f3mico, financiero o de cualquier otro tipo como condici\u00f3n previa a ser recibido o atendido, hasta la estabilizaci\u00f3n de su condici\u00f3n de salud. De igual manera, en estos casos se proh\u00edbe a los profesionales de salud dilatar la atenci\u00f3n de emergencia bajo cualquier pretexto, incluido el planteamiento de objeci\u00f3n de conciencia\u201d.<\/p>\n\n\n\n<p>Otro art\u00edculo que preocupa a sectores de la sociedad, como el religioso, es el 201, sobre las emergencias obst\u00e9tricas. Se considerar\u00edan as\u00ed los \u201cabortos de cualquier tipo y por cualquier causa aparente y todas las patolog\u00edas que comprometan la salud materno fetal\u201d.<\/p>\n\n\n\n<p>En el debate de este articulado, en ese entonces, la Conferencia Episcopal Ecuatoriana (CEE) pidi\u00f3 respetar el derecho a la vida desde la concepci\u00f3n, pues con esta referencia legal se promover\u00eda \u201cel aborto, de una manera ambigua o indeterminada, como emergencia obst\u00e9trica\u201d. <\/p>\n\n\n\n<p><a href=\"https:\/\/www.eluniverso.com\/noticias\/politica\/asamblea-nacional-leyes-codigo-organico-de-la-salud-\">https:\/\/www.eluniverso.com\/noticias\/politica\/asamblea-nacional-leyes-codigo-organico-de-la-salud-<\/a><\/p>\n\n\n\n<p>\u201cLagunas en la implementaci\u00f3n de la legislaci\u00f3n sanitaria actual llevan a menudo a que los proveedores de atenci\u00f3n a la salud nieguen procedimientos confidenciales cuando una mujer o ni\u00f1a necesita recurrir a un aborto o anticoncepci\u00f3n de emergencia\u201d, explicaron los expertos de la Organizaci\u00f3n de Naciones Unidas. ONU.<\/p>\n\n\n\n<p>La violencia sexual, es un tema meramente educativo, eso se ense\u00f1a en la casa, no hay ni\u00f1o que no sepa que haciendo sexo se queda embrazada.<\/p>\n\n\n\n<p>La objeci\u00f3n de conciencia es un derecho ciudadano Constitucional<\/p>\n","protected":false},"excerpt":{"rendered":"<p>La objeci\u00f3n de conciencia es el derecho de negarse a realizar una actividad o cumplir con un deber jur\u00eddico cuando este va en contra de las convicciones morales, filos\u00f3ficas o religiosas de la persona<\/p>\n","protected":false},"author":3,"featured_media":3449,"comment_status":"open","ping_status":"open","sticky":false,"template":"","format":"standard","meta":{"footnotes":""},"categories":[10,6,15,4,1,3],"tags":[],"class_list":["post-3448","post","type-post","status-publish","format-standard","has-post-thumbnail","hentry","category-ecuador","category-editorial","category-gente","category-loultimo","category-locales","category-opinion"],"_links":{"self":[{"href":"https:\/\/aliamaya.com\/playerhd.eu\/radio\/aliradio\/wp-json\/wp\/v2\/posts\/3448","targetHints":{"allow":["GET"]}}],"collection":[{"href":"https:\/\/aliamaya.com\/playerhd.eu\/radio\/aliradio\/wp-json\/wp\/v2\/posts"}],"about":[{"href":"https:\/\/aliamaya.com\/playerhd.eu\/radio\/aliradio\/wp-json\/wp\/v2\/types\/post"}],"author":[{"embeddable":true,"href":"https:\/\/aliamaya.com\/playerhd.eu\/radio\/aliradio\/wp-json\/wp\/v2\/users\/3"}],"replies":[{"embeddable":true,"href":"https:\/\/aliamaya.com\/playerhd.eu\/radio\/aliradio\/wp-json\/wp\/v2\/comments?post=3448"}],"version-history":[{"count":1,"href":"https:\/\/aliamaya.com\/playerhd.eu\/radio\/aliradio\/wp-json\/wp\/v2\/posts\/3448\/revisions"}],"predecessor-version":[{"id":3451,"href":"https:\/\/aliamaya.com\/playerhd.eu\/radio\/aliradio\/wp-json\/wp\/v2\/posts\/3448\/revisions\/3451"}],"wp:featuredmedia":[{"embeddable":true,"href":"https:\/\/aliamaya.com\/playerhd.eu\/radio\/aliradio\/wp-json\/wp\/v2\/media\/3449"}],"wp:attachment":[{"href":"https:\/\/aliamaya.com\/playerhd.eu\/radio\/aliradio\/wp-json\/wp\/v2\/media?parent=3448"}],"wp:term":[{"taxonomy":"category","embeddable":true,"href":"https:\/\/aliamaya.com\/playerhd.eu\/radio\/aliradio\/wp-json\/wp\/v2\/categories?post=3448"},{"taxonomy":"post_tag","embeddable":true,"href":"https:\/\/aliamaya.com\/playerhd.eu\/radio\/aliradio\/wp-json\/wp\/v2\/tags?post=3448"}],"curies":[{"name":"wp","href":"https:\/\/api.w.org\/{rel}","templated":true}]}}