{"id":3496,"date":"2024-12-02T10:51:37","date_gmt":"2024-12-02T15:51:37","guid":{"rendered":"https:\/\/aliamaya.com\/?p=3496"},"modified":"2024-12-02T11:10:03","modified_gmt":"2024-12-02T16:10:03","slug":"gral-de-policia-sp-victor-araus-hace-conocer-su-plan-en-emisoras-orenses-y-capta-la-sintonia-en-la-provincia","status":"publish","type":"post","link":"https:\/\/aliamaya.com\/playerhd.eu\/radio\/aliradio\/2024\/12\/02\/gral-de-policia-sp-victor-araus-hace-conocer-su-plan-en-emisoras-orenses-y-capta-la-sintonia-en-la-provincia\/","title":{"rendered":"Gral. de Polic\u00eda (SP) V\u00edctor Araus, hace conocer su Plan en emisoras orenses y capta la sinton\u00eda en la provincia."},"content":{"rendered":"\n<p>La organizaci\u00f3n pol\u00edtica&nbsp;PID &#8211; Pueblo, Igualdad y Democracia, que en las pasadas elecciones 2023 apoy\u00f3 la candidatura presidencial de&nbsp;Daniel Noboa, tiene ahora como aspirantes a la Presidencia de la Rep\u00fablica al General en servicio pasivo V\u00edctor Ar\u00e1us,&nbsp;en las elecciones de 2025.<\/p>\n\n\n\n<p>V\u00edctor Manuel Araus Mac\u00edas, (Junio-2024) general retirado y precandidato presidencial, afirm\u00f3 que respaldar\u00e1 el uso de la fuerza policial, prometiendo disparar a delincuentes en defensa de la ciudadan\u00eda. Critic\u00f3 a organizaciones de derechos humanos por sus alertas. Araus tambi\u00e9n neg\u00f3 cualquier investigaci\u00f3n en su contra en el caso Narco generales y defendi\u00f3 sus relaciones personales en el caso Encuentro, calific\u00e1ndoles de amistades antiguas.<\/p>\n\n\n\n<p>Con la frase \u00abLos VALORES y la FORMACI\u00d3N que recibimos de nuestros padres son la base sobre la que construimos nuestro futuro\u00bb, est\u00e1 llegando a miles de hogares del pa\u00eds, es un video muy corto, pero claro, ante la pregunta que le hacen; \u00abGeneral, Qu\u00e9 es lo que m\u00e1s ha admirado de sus padres y c\u00f3mo lo aplica, en su vida diaria?\u00bb <\/p>\n\n\n\n<figure class=\"wp-block-embed is-type-rich is-provider-twitter wp-block-embed-twitter\"><div class=\"wp-block-embed__wrapper\">\n<blockquote class=\"twitter-tweet\" data-width=\"550\" data-dnt=\"true\"><p lang=\"es\" dir=\"ltr\">Los VALORES y la FORMACI\u00d3N que recibimos de nuestros padres son la base sobre la que construimos nuestro futuro.<a href=\"https:\/\/twitter.com\/VctorAraus1?ref_src=twsrc%5Etfw\">@VctorAraus1<\/a> <br>.<br>.<br>.<a href=\"https:\/\/twitter.com\/hashtag\/ElGeneral?src=hash&amp;ref_src=twsrc%5Etfw\">#ElGeneral<\/a> <a href=\"https:\/\/twitter.com\/hashtag\/UnCaminoSeguro?src=hash&amp;ref_src=twsrc%5Etfw\">#UnCaminoSeguro<\/a> <a href=\"https:\/\/twitter.com\/hashtag\/Seguridad?src=hash&amp;ref_src=twsrc%5Etfw\">#Seguridad<\/a> <a href=\"https:\/\/twitter.com\/hashtag\/Ecuador?src=hash&amp;ref_src=twsrc%5Etfw\">#Ecuador<\/a> <a href=\"https:\/\/twitter.com\/hashtag\/RescatemosAlEcuador?src=hash&amp;ref_src=twsrc%5Etfw\">#RescatemosAlEcuador<\/a> <a href=\"https:\/\/t.co\/ixVFz41qeG\">pic.twitter.com\/ixVFz41qeG<\/a><\/p>&mdash; V\u00edctor Araus (@VctorAraus1) <a href=\"https:\/\/twitter.com\/VctorAraus1\/status\/1862140974727626875?ref_src=twsrc%5Etfw\">November 28, 2024<\/a><\/blockquote><script async src=\"https:\/\/platform.twitter.com\/widgets.js\" charset=\"utf-8\"><\/script>\n<\/div><\/figure>\n\n\n\n<p>El Licenciado Washington Bolivar Barrezueta Pineda, radiodifusor orense, realiz\u00f3 una importante entrevista sobre la agenda que se realizar\u00e1 pr\u00f3ximamente en tierra orense, se habl\u00f3 sobre el riesgo de ser presidente de la Rep\u00fablica, donde mencion\u00f3 que como candidato ya tiene un resguardo policial, en el cual \u00e9l conf\u00eda por ser la polic\u00eda nacional en el cual fue parte activa, mencion\u00f3, V\u00edctor Araus.<\/p>\n\n\n\n<p>A continuaci\u00f3n ofrecemos el contenido de una entrevista exclusiva en la que el General V\u00edctor Araus, habl\u00f3 con el radiodifusor orense, Washington Barrezueta Pineda, sobre su plan de c\u00f3mo afrontar la actual crisis que vive Ecuador. <a href=\"https:\/\/www.facebook.com\/share\/v\/1B3xc8x1mD\">https:\/\/www.facebook.com\/share\/v\/1B3xc8x1mD<\/a><\/p>\n\n\n\n<p>Radio La Voz de Arenillas, en el dial 107.1 FM, tambi\u00e9n realiz\u00f3 una entrevista a trav\u00e9s del radiodifusor Lic. Thelmo Aguirre Chiriboga, se enfoc\u00f3 adem\u00e1s del tema de seguridad, electricidad, el agro orense y sobre la agenda 2030, la forestaci\u00f3n y reforestaci\u00f3n y cuidado del agua, entre otros. A continuaci\u00f3n ofrecemos el contenido de una entrevista exclusiva en la que el General V\u00edctor Araus. <a href=\"https:\/\/www.facebook.com\/LaVozDeArenillas107.1FMStereo\/videos\/558679410130821\">https:\/\/www.facebook.com\/LaVozDeArenillas107.1FMStereo\/videos\/558679410130821<\/a><\/p>\n\n\n\n<p>Asimismo hoy en Radio Superior 92.7 FM, el candidato a presidencia de la Rep\u00fablica, Gral. de Policia (SP) V\u00edctor Manuel Araus M. se refiri\u00f3 al grupo delincuencial en el Pa\u00eds, y lo que sucede en la provincia del Sur, es una pena ya que no hay trabajo en seguridad por parte de autoridades locales, y poca importancia y la falta de seriedad del actual gobierno; mencion\u00f3 sobre su plan de gobierno para contrarrestar la delincuencia es el principal eje, el problema en El Oro, no hay un Plan de Seguridad. <\/p>\n\n\n\n<figure class=\"wp-block-image size-full is-resized\"><img loading=\"lazy\" decoding=\"async\" width=\"911\" height=\"430\" src=\"https:\/\/aliamaya.com\/wp-content\/uploads\/2024\/12\/vict.jpg\" alt=\"\" class=\"wp-image-3501\" style=\"width:325px;height:auto\" srcset=\"https:\/\/aliamaya.com\/wp-content\/uploads\/2024\/12\/vict.jpg 911w, https:\/\/aliamaya.com\/wp-content\/uploads\/2024\/12\/vict-300x142.jpg 300w, https:\/\/aliamaya.com\/wp-content\/uploads\/2024\/12\/vict-768x363.jpg 768w\" sizes=\"auto, (max-width: 911px) 100vw, 911px\" \/><\/figure>\n\n\n\n<p><a href=\"https:\/\/www.facebook.com\/radiosuperior92.7\/videos\/547393474953731\">https:\/\/www.facebook.com\/radiosuperior92.7\/videos\/547393474953731<\/a>  <\/p>\n\n\n\n<p>Con sangre orense el Gral. de Polic\u00eda (SP) V\u00edctor Araus, hizo referencia de sus ancestro y que \u00e9l est\u00e1 100% comprometido con la provincia de El Oro, ya que es una obligaci\u00f3n moral hacer de esta provincia un emporio de desarrollo, por su amplia y variada producci\u00f3n, y se acoge al coro del Himno a la provincia de El Oro: <\/p>\n\n\n\n<p>\u00a1Salve, salve provincia aguerrida,<br>de la patria brillante esplendor,<br>ofrec\u00e9moste todos la vida<br>cuando sea de luchar por tu honor!.<\/p>\n\n\n\n<p><\/p>\n\n\n\n<figure class=\"wp-block-embed is-type-video is-provider-youtube wp-block-embed-youtube wp-embed-aspect-16-9 wp-has-aspect-ratio\" style=\"margin-top:0;margin-right:0;margin-bottom:0;margin-left:0\"><div class=\"wp-block-embed__wrapper\">\n<iframe loading=\"lazy\" title=\"GRAL VICTOR ARAUS, Candidato a Presidente de la Rep\u00fablica del Ecuador\" width=\"640\" height=\"360\" src=\"https:\/\/www.youtube.com\/embed\/ucmhe8L50nc?feature=oembed\" frameborder=\"0\" allow=\"accelerometer; autoplay; clipboard-write; encrypted-media; gyroscope; picture-in-picture; web-share\" referrerpolicy=\"strict-origin-when-cross-origin\" allowfullscreen><\/iframe>\n<\/div><\/figure>\n\n\n\n<p>Y, muy orgullosamente digo que mis Abuelos fueron quienes dejaron un legado para El Oro, como es Letra y M\u00fasica del Himno a la Provincia, como fueron Dr. Tem\u00edstocles Ar\u00e1us Rojas\u00a0y\u00a0la m\u00fasica la compuso Odalia Ar\u00e1uz Garc\u00eda, por tal motivo soy machale\u00f1o, y en mis venas hay sangre orense, dijo el General. en una entrevista en Radio Machala 104.7 FM <a href=\"https:\/\/www.facebook.com\/share\/v\/17y3g41w6W\/\">https:\/\/www.facebook.com\/share\/v\/17y3g41w6W\/<\/a><br><a href=\"https:\/\/www.facebook.com\/share\/v\/17tNJZAkXc\/\">https:\/\/www.facebook.com\/share\/v\/17tNJZAkXc\/<\/a><\/p>\n\n\n\n<p><\/p>\n\n\n\n<p> su consanguinidad <\/p>\n\n\n\n<p><\/p>\n\n\n\n<p><\/p>\n","protected":false},"excerpt":{"rendered":"<p>\u00abMis Abuelos fueron quienes dejaron un legado para El Oro, como es Letra y M\u00fasica del Himno a la Provincia, entonces es una obligaci\u00f3n moral, hacer de \u00e9sta provincia un emporio de desarrollo\u00bb. dijo V\u00edctor Araus, candidato a la presidencia de la Rep\u00fablica.<\/p>\n","protected":false},"author":3,"featured_media":3498,"comment_status":"open","ping_status":"open","sticky":false,"template":"","format":"standard","meta":{"footnotes":""},"categories":[10,55,18,15,4,1,7,8],"tags":[],"class_list":["post-3496","post","type-post","status-publish","format-standard","has-post-thumbnail","hentry","category-ecuador","category-electoral","category-entrevistas","category-gente","category-loultimo","category-locales","category-noticias","category-politica"],"_links":{"self":[{"href":"https:\/\/aliamaya.com\/playerhd.eu\/radio\/aliradio\/wp-json\/wp\/v2\/posts\/3496","targetHints":{"allow":["GET"]}}],"collection":[{"href":"https:\/\/aliamaya.com\/playerhd.eu\/radio\/aliradio\/wp-json\/wp\/v2\/posts"}],"about":[{"href":"https:\/\/aliamaya.com\/playerhd.eu\/radio\/aliradio\/wp-json\/wp\/v2\/types\/post"}],"author":[{"embeddable":true,"href":"https:\/\/aliamaya.com\/playerhd.eu\/radio\/aliradio\/wp-json\/wp\/v2\/users\/3"}],"replies":[{"embeddable":true,"href":"https:\/\/aliamaya.com\/playerhd.eu\/radio\/aliradio\/wp-json\/wp\/v2\/comments?post=3496"}],"version-history":[{"count":3,"href":"https:\/\/aliamaya.com\/playerhd.eu\/radio\/aliradio\/wp-json\/wp\/v2\/posts\/3496\/revisions"}],"predecessor-version":[{"id":3507,"href":"https:\/\/aliamaya.com\/playerhd.eu\/radio\/aliradio\/wp-json\/wp\/v2\/posts\/3496\/revisions\/3507"}],"wp:featuredmedia":[{"embeddable":true,"href":"https:\/\/aliamaya.com\/playerhd.eu\/radio\/aliradio\/wp-json\/wp\/v2\/media\/3498"}],"wp:attachment":[{"href":"https:\/\/aliamaya.com\/playerhd.eu\/radio\/aliradio\/wp-json\/wp\/v2\/media?parent=3496"}],"wp:term":[{"taxonomy":"category","embeddable":true,"href":"https:\/\/aliamaya.com\/playerhd.eu\/radio\/aliradio\/wp-json\/wp\/v2\/categories?post=3496"},{"taxonomy":"post_tag","embeddable":true,"href":"https:\/\/aliamaya.com\/playerhd.eu\/radio\/aliradio\/wp-json\/wp\/v2\/tags?post=3496"}],"curies":[{"name":"wp","href":"https:\/\/api.w.org\/{rel}","templated":true}]}}