{"id":3509,"date":"2024-12-11T14:19:26","date_gmt":"2024-12-11T19:19:26","guid":{"rendered":"https:\/\/aliamaya.com\/?p=3509"},"modified":"2024-12-11T15:30:03","modified_gmt":"2024-12-11T20:30:03","slug":"santa-rosa-lugar-de-mujeres-encantadores","status":"publish","type":"post","link":"https:\/\/aliamaya.com\/playerhd.eu\/radio\/aliradio\/2024\/12\/11\/santa-rosa-lugar-de-mujeres-encantadores\/","title":{"rendered":"Santa Rosa, lugar de mujeres encantadores\u2026"},"content":{"rendered":"\n<p>En es el Sur de la patria ecuatoriana, existe un lugar de gente muy trabajadora, familias honorables y destacadas mujeres, hablamos del cant\u00f3n Santa Rosa, provincia de El Oro.<\/p>\n\n\n\n<p>Este viernes 13 de diciembre del 2024, en los bajos del GAD Municipal de Santa Rosa, se llevar\u00e1 a efecto un acto importante con la finalidad de resaltar los esfuerzos conjuntos por fomentar el desarrollo del cant\u00f3n, es primera edici\u00f3n de los Reconocimiento \u201cLas 100 Matildes Santarrose\u00f1as\u201d. Este galard\u00f3n se entregar\u00e1 a Brillantes Mujeres santarrose\u00f1as, que contribuyeron con el desarrollo de la Santa Rosa y la Provincia, en conmemoraci\u00f3n de los 100 a\u00f1os del primer sufragio femenino.<br><br>En Machala, el Premio Matilde Hidalgo de Procel, se lleva a efecto desde el 2002, por parte del GAD Municipal de Machala, quien entrega el premio Matilde Hidalgo de Procel por en homenaje al D\u00eda Internacional de la Mujer. Y se entrega a quien o a quienes realizaron un trabajo encaminado a favorecer a la mujer desde distintos frentes, sean estos de reinserci\u00f3n social, econ\u00f3micos, migratorios o discrimen. El municipio realiza una convocatoria en la que los ciudadanos pueden realizar postulaciones y los ganadores son escogidos por la Comisi\u00f3n de Equidad de G\u00e9nero de la Municipalidad de Machala.<\/p>\n\n\n\n<figure class=\"wp-block-image size-large\"><img loading=\"lazy\" decoding=\"async\" width=\"1024\" height=\"295\" src=\"https:\/\/aliamaya.com\/wp-content\/uploads\/2024\/12\/matil-1024x295.png\" alt=\"\" class=\"wp-image-3523\" srcset=\"https:\/\/aliamaya.com\/wp-content\/uploads\/2024\/12\/matil-1024x295.png 1024w, https:\/\/aliamaya.com\/wp-content\/uploads\/2024\/12\/matil-300x87.png 300w, https:\/\/aliamaya.com\/wp-content\/uploads\/2024\/12\/matil-768x222.png 768w, https:\/\/aliamaya.com\/wp-content\/uploads\/2024\/12\/matil-1536x443.png 1536w, https:\/\/aliamaya.com\/wp-content\/uploads\/2024\/12\/matil.png 2024w\" sizes=\"auto, (max-width: 1024px) 100vw, 1024px\" \/><\/figure>\n\n\n\n<p>En la ciudad Benem\u00e9rita, se har\u00e1 la primera entrega del Reconocimiento Matilde Hidalgo de Pr\u00f3cel, por parte del Concejo Cantonal Municipal de Santa Rosa, y la Comisi\u00f3n de Igualdad de G\u00e9nero, en conmemoraci\u00f3n de los 100 a\u00f1os del primer sufragio femenino, a 100 Mujeres distinguidas y destacadas, Mujeres guerreras y pioneras en ocupar altas dignidades en el cant\u00f3n, la Provincia y del Ecuador, Mujeres notables por su acci\u00f3n social y colectiva, y Mujeres con destacada trayectoria institucional, que han aportado en la danza y modelaje, son parte de la historia y tradici\u00f3n del Cant\u00f3n y han llevado el nombre del mismo muy alto a nivel nacional e internacional.<\/p>\n\n\n\n<figure class=\"wp-block-image size-large\"><img loading=\"lazy\" decoding=\"async\" width=\"1024\" height=\"576\" src=\"https:\/\/aliamaya.com\/wp-content\/uploads\/2024\/12\/matildes-en-Sta-1024x576.png\" alt=\"\" class=\"wp-image-3515\" srcset=\"https:\/\/aliamaya.com\/wp-content\/uploads\/2024\/12\/matildes-en-Sta-1024x576.png 1024w, https:\/\/aliamaya.com\/wp-content\/uploads\/2024\/12\/matildes-en-Sta-300x169.png 300w, https:\/\/aliamaya.com\/wp-content\/uploads\/2024\/12\/matildes-en-Sta-768x432.png 768w, https:\/\/aliamaya.com\/wp-content\/uploads\/2024\/12\/matildes-en-Sta.png 1280w\" sizes=\"auto, (max-width: 1024px) 100vw, 1024px\" \/><\/figure>\n\n\n\n<p>Son 100 lideresas santarrose\u00f1as, quienes han logrado la irrupci\u00f3n de la mujer en la esfera p\u00fablica y han dado luz a esas luchas diversas que motivan hoy a otras mujeres a seguir adelante con fuerza y sabidur\u00eda de Santa Rosa y de sus parroquias (<em>Urbanas y Rurales<\/em>) destacadas en diferentes \u00e1mbitos; apoyo social, aporte a la econom\u00eda cantonal, trayectoria como docente e investigadora en Derechos Humanos, trayectoria en Justicia Social, empresarial tur\u00edstico, activismo social y sindical, aporte al arte, danza y modelaje; aporte a la educaci\u00f3n, ciencia, tecnolog\u00eda y cient\u00edfica; deportes, dise\u00f1o y modas, servicio p\u00fablico con enfoque de g\u00e9nero, adem\u00e1s a ExPresidentas del Consejo Cantonal, ExConcejalas y ExAlcaldesa, trayectoria musical, trayectoria cultural, periodismo, activismo social, siendo parte de la historia y tradici\u00f3n del Cant\u00f3n y han llevado el nombre del mismo muy alto a nivel nacional e internacional. entre otras.<\/p>\n\n\n\n<p>El acto se llevar\u00e1 a cabo el d\u00eda, Viernes 13 de Diciembre del 2024, a partir de la 15H30, iniciar\u00e1 con una caminata de las \u00ab100 Matildes Santarrose\u00f1as\u00bb desde la calle: Jos\u00e9 Mar\u00eda Ollague, bajos del Edificio del Benem\u00e9rito Cuerpo de Bombero de Santa Rosa, pasando por una calle de Honor que hacen los voluntarios de la cruz Roja, dado que Matilde Hidalgo fue cruzrojista, al llegar al Municipio, las recibe una gran alfombra violeta, para que solo caminaran las 100 Matildes, y enseguida la apertura del acto.<\/p>\n\n\n\n<p>Se entregar\u00e1n reconocimientos en 10 bloques de 10 damas, con interludios art\u00edsticos concretos y un performance de ensue\u00f1o a cargo del conservatorio de Santa Rosa, cerrando el acto con fuegos artificiales. <\/p>\n\n\n\n<p><\/p>\n","protected":false},"excerpt":{"rendered":"<p>El objetivo del galard\u00f3n es reconocer la labor de Mujeres que se han destacado y han sido pioneras en ocupar altas dignidades en el cant\u00f3n Santa Rosa, la provincia, el Pa\u00eds y a nivel Internacional, en notables acciones tanto social, educativas,  colectiva, deportivas, e institucional, entre otras, en conmemoraci\u00f3n de los 100 a\u00f1os del Sufragio femenino en Ecuador y Latinoam\u00e9rica.<\/p>\n","protected":false},"author":3,"featured_media":3513,"comment_status":"open","ping_status":"open","sticky":false,"template":"","format":"standard","meta":{"footnotes":""},"categories":[10,6,21,15,4,1,7,8],"tags":[],"class_list":["post-3509","post","type-post","status-publish","format-standard","has-post-thumbnail","hentry","category-ecuador","category-editorial","category-entretenimiento","category-gente","category-loultimo","category-locales","category-noticias","category-politica"],"_links":{"self":[{"href":"https:\/\/aliamaya.com\/playerhd.eu\/radio\/aliradio\/wp-json\/wp\/v2\/posts\/3509","targetHints":{"allow":["GET"]}}],"collection":[{"href":"https:\/\/aliamaya.com\/playerhd.eu\/radio\/aliradio\/wp-json\/wp\/v2\/posts"}],"about":[{"href":"https:\/\/aliamaya.com\/playerhd.eu\/radio\/aliradio\/wp-json\/wp\/v2\/types\/post"}],"author":[{"embeddable":true,"href":"https:\/\/aliamaya.com\/playerhd.eu\/radio\/aliradio\/wp-json\/wp\/v2\/users\/3"}],"replies":[{"embeddable":true,"href":"https:\/\/aliamaya.com\/playerhd.eu\/radio\/aliradio\/wp-json\/wp\/v2\/comments?post=3509"}],"version-history":[{"count":7,"href":"https:\/\/aliamaya.com\/playerhd.eu\/radio\/aliradio\/wp-json\/wp\/v2\/posts\/3509\/revisions"}],"predecessor-version":[{"id":3526,"href":"https:\/\/aliamaya.com\/playerhd.eu\/radio\/aliradio\/wp-json\/wp\/v2\/posts\/3509\/revisions\/3526"}],"wp:featuredmedia":[{"embeddable":true,"href":"https:\/\/aliamaya.com\/playerhd.eu\/radio\/aliradio\/wp-json\/wp\/v2\/media\/3513"}],"wp:attachment":[{"href":"https:\/\/aliamaya.com\/playerhd.eu\/radio\/aliradio\/wp-json\/wp\/v2\/media?parent=3509"}],"wp:term":[{"taxonomy":"category","embeddable":true,"href":"https:\/\/aliamaya.com\/playerhd.eu\/radio\/aliradio\/wp-json\/wp\/v2\/categories?post=3509"},{"taxonomy":"post_tag","embeddable":true,"href":"https:\/\/aliamaya.com\/playerhd.eu\/radio\/aliradio\/wp-json\/wp\/v2\/tags?post=3509"}],"curies":[{"name":"wp","href":"https:\/\/api.w.org\/{rel}","templated":true}]}}