{"id":558,"date":"2022-03-29T06:52:44","date_gmt":"2022-03-29T11:52:44","guid":{"rendered":"https:\/\/aliamaya.com\/?p=558"},"modified":"2022-03-29T06:53:20","modified_gmt":"2022-03-29T11:53:20","slug":"la-idea-de-gustavo-alfaro-es-la-de-mantener-en-su-zona-a-los-argentinos-y-para-ello-enviara-a-dos-delanteros-en-punta","status":"publish","type":"post","link":"https:\/\/aliamaya.com\/playerhd.eu\/radio\/aliradio\/2022\/03\/29\/la-idea-de-gustavo-alfaro-es-la-de-mantener-en-su-zona-a-los-argentinos-y-para-ello-enviara-a-dos-delanteros-en-punta\/","title":{"rendered":"La idea de Gustavo Alfaro es la de mantener en su zona a los argentinos y para ello enviar\u00e1 a dos delanteros en punta"},"content":{"rendered":"\n<p>(Guayaquil, marzo 28).- La Selecci\u00f3n de Ecuador realiz\u00f3 su \u00faltimo entrenamiento la noche de este lunes en el estadio Capwell, donde el t\u00e9cnico Gustavo Alfaro, defini\u00f3 el 11 inicialista con una variante en el esquema t\u00e1ctico y la inclusi\u00f3n del delantero Enner Valencia, m\u00e1ximo goleador hist\u00f3rico de la tricolor, con 34 anotaciones.<\/p>\n\n\n\n<p>La pr\u00e1ctica se desarroll\u00f3 la noche de este 28 de marzo de 2022,\u00a0un d\u00eda antes del juego contra los gauchos. Fue el primer y \u00fanico entrenamiento que realiz\u00f3 la Tri, que durante el fin de semana se movi\u00f3 en Paraguay.<\/p>\n\n\n\n<p>Ecuador se concentra en un hotel del norte de Guayaquil. No reconocieron la\u00a0cancha del estadio Monumental, donde se disputar\u00e1 el encuentro, y prefirieron moverse en el escenario el\u00e9ctrico.<\/p>\n\n\n\n<figure class=\"wp-block-image size-full is-resized\"><img loading=\"lazy\" decoding=\"async\" src=\"https:\/\/aliamaya.com\/wp-content\/uploads\/2022\/03\/ENTRENA-FEF.jpg\" alt=\"\" class=\"wp-image-559\" width=\"580\" height=\"393\"\/><figcaption>La\u00a0<strong>selecci\u00f3n ecuatoriana\u00a0<\/strong>realiz\u00f3 su \u00faltimo entrenamiento antes de medir a Argentina, por las eliminatorias sudamericanas. Lo hizo en el estadio\u00a0<strong>George Capwell.<\/strong><\/figcaption><\/figure>\n\n\n\n<p>En principio la intenci\u00f3n de Alfaro era de jugar ante Argentina con un sistema de 4-3-3 \u00f3 4-2-3-1, sin embargo de \u00faltimo momento se decidi\u00f3 por saltar al campo de juego con sus dos delanteros principales: Michael Estrada y Enner Valencia, el primero de ellos el m\u00e1ximo anotador de Ecuador en el presente proceso de Eliminatorias Sudamericanas (6 goles), y el segundo el m\u00e1ximo anotador de Ecuador en su historia.<\/p>\n\n\n\n<p>La idea de Gustavo Alfaro es la de mantener en su zona a los argentinos y para ello enviar\u00e1 a dos delanteros en punta, para que recorran todo el frente de ataque, ayudados por lo que puedan hacer los extremos ofensivos como son Alan Franco y Romario Ibarra.<\/p>\n\n\n\n<p>El 11 de Ecuador ante Argentina ser\u00eda el siguiente:<\/p>\n\n\n\n<p>Hern\u00e1n Gal\u00edndez, en el arco; Byron Castillo, Robert Arboleda, Piero Hincapi\u00e9, Pervis Estupi\u00f1\u00e1n, en la defensa; Carlos Gruezo, Mois\u00e9s Caicedo, Alan Franco y Romario Ibarra, en el medio campo; Enner Valencia y Michael Estrada, en la delantera.<\/p>\n","protected":false},"excerpt":{"rendered":"<p>(Guayaquil, marzo 28).- La Selecci\u00f3n de Ecuador realiz\u00f3 su \u00faltimo entrenamiento la noche de este<\/p>\n","protected":false},"author":1,"featured_media":560,"comment_status":"open","ping_status":"open","sticky":false,"template":"","format":"standard","meta":{"footnotes":""},"categories":[9,10,4],"tags":[],"class_list":["post-558","post","type-post","status-publish","format-standard","has-post-thumbnail","hentry","category-deportes","category-ecuador","category-loultimo"],"_links":{"self":[{"href":"https:\/\/aliamaya.com\/playerhd.eu\/radio\/aliradio\/wp-json\/wp\/v2\/posts\/558","targetHints":{"allow":["GET"]}}],"collection":[{"href":"https:\/\/aliamaya.com\/playerhd.eu\/radio\/aliradio\/wp-json\/wp\/v2\/posts"}],"about":[{"href":"https:\/\/aliamaya.com\/playerhd.eu\/radio\/aliradio\/wp-json\/wp\/v2\/types\/post"}],"author":[{"embeddable":true,"href":"https:\/\/aliamaya.com\/playerhd.eu\/radio\/aliradio\/wp-json\/wp\/v2\/users\/1"}],"replies":[{"embeddable":true,"href":"https:\/\/aliamaya.com\/playerhd.eu\/radio\/aliradio\/wp-json\/wp\/v2\/comments?post=558"}],"version-history":[{"count":1,"href":"https:\/\/aliamaya.com\/playerhd.eu\/radio\/aliradio\/wp-json\/wp\/v2\/posts\/558\/revisions"}],"predecessor-version":[{"id":561,"href":"https:\/\/aliamaya.com\/playerhd.eu\/radio\/aliradio\/wp-json\/wp\/v2\/posts\/558\/revisions\/561"}],"wp:featuredmedia":[{"embeddable":true,"href":"https:\/\/aliamaya.com\/playerhd.eu\/radio\/aliradio\/wp-json\/wp\/v2\/media\/560"}],"wp:attachment":[{"href":"https:\/\/aliamaya.com\/playerhd.eu\/radio\/aliradio\/wp-json\/wp\/v2\/media?parent=558"}],"wp:term":[{"taxonomy":"category","embeddable":true,"href":"https:\/\/aliamaya.com\/playerhd.eu\/radio\/aliradio\/wp-json\/wp\/v2\/categories?post=558"},{"taxonomy":"post_tag","embeddable":true,"href":"https:\/\/aliamaya.com\/playerhd.eu\/radio\/aliradio\/wp-json\/wp\/v2\/tags?post=558"}],"curies":[{"name":"wp","href":"https:\/\/api.w.org\/{rel}","templated":true}]}}